{"id":6014,"date":"2017-06-27T10:28:35","date_gmt":"2017-06-27T14:28:35","guid":{"rendered":"http:\/\/www.corumbaonline.com.br\/news\/?p=6014"},"modified":"2017-06-27T10:48:12","modified_gmt":"2017-06-27T14:48:12","slug":"turismo-de-ms-sera-divulgado-durante-o-festival-das-cataratas","status":"publish","type":"post","link":"https:\/\/www.corumbaonline.com.br\/news\/turismo-de-ms-sera-divulgado-durante-o-festival-das-cataratas\/","title":{"rendered":"Turismo de MS ser\u00e1 divulgado durante o Festival das Cataratas"},"content":{"rendered":"<p>Com objetivo de inserir e promover o turismo sul-mato-grossense entre as principais ag\u00eancias de viagens e operadoras de turismo do sul do Brasil e pa\u00edses que integram o Mercosul, o Governo do Estado de Mato Grosso do Sul, por meio da Funda\u00e7\u00e3o de Turismo (Fundtur-MS) participa da 12\u00aa edi\u00e7\u00e3o do Festival das Cataratas, considerado o maior evento fixo de Foz do Igua\u00e7u e o segundo maior de turismo da regi\u00e3o sul. O festival acontecer\u00e1 de 28 a 30 de junho e integra agentes de viagens, operadores, hoteleiros, profissionais e gestores p\u00fablicos do turismo, o objetivo \u00e9 mobilizar, promover e gerar neg\u00f3cios.<\/p>\n<p>A participa\u00e7\u00e3o da Fundtur no festival faz parte de um planejamento estrat\u00e9gico de divulga\u00e7\u00e3o e promo\u00e7\u00e3o do turismo do Estado a um p\u00fablico diversificado e de grande influ\u00eancia. O evento vai proporcionar num curto per\u00edodo de tempo, uma ampla oferta de produtos, servi\u00e7os e informa\u00e7\u00f5es, favorecendo o fortalecendo da imagem e o fomento do turismo sul-mato-grossense. Os visitantes do estande tamb\u00e9m poder\u00e3o degustar o tradicional caldo de piranha do chef Bahiano.<\/p>\n<div id=\"attachment_145227\" class=\"wp-caption alignright\"><img loading=\"lazy\" decoding=\"async\" class=\"wp-image-145227\" src=\"http:\/\/www.ms.gov.br\/wp-content\/uploads\/sites\/150\/2017\/06\/foz_igua%C3%A7u-feira2-300x166.jpg\" sizes=\"auto, (max-width: 398px) 100vw, 398px\" srcset=\"http:\/\/www.ms.gov.br\/wp-content\/uploads\/sites\/150\/2017\/06\/foz_igua\u00e7u-feira2-300x166.jpg 300w, http:\/\/www.ms.gov.br\/wp-content\/uploads\/sites\/150\/2017\/06\/foz_igua\u00e7u-feira2.jpg 672w\" alt=\"\" width=\"398\" height=\"220\" \/><\/p>\n<p class=\"wp-caption-text\"><em>12\u00aa edi\u00e7\u00e3o do Festival das Cataratas ser\u00e1 de 28 a 30 de junho.<\/em><\/p>\n<\/div>\n<p>Uma caravana composta por 47 empres\u00e1rios sul-mato-grossenses do segmento do turismo, dentre propriet\u00e1rios e representantes de atrativos, equipamentos, ag\u00eancias de turismo e representantes dos munic\u00edpios participam do evento apresentando os roteiros, equipamentos e atrativos tur\u00edsticos do Estado e da rodada de neg\u00f3cios.<\/p>\n<p>O diretor-presidente da Funda\u00e7\u00e3o Turismo, Bruno Wendling, considera o evento um dos principais e mais importantes para o setor em Mato Grosso do Sul. \u201cO destino Foz do Igua\u00e7u tem um p\u00fablico potencial e real para Estado, a regi\u00e3o sul do pa\u00eds \u00e9 roteiro natural do turista internacional, oportunidade para potencializar a Rota Foz Igua\u00e7u, Pantanal e Bonito\u201d, garantiu. Bruno destacou ainda, a participa\u00e7\u00e3o dos empres\u00e1rios sul-mato-grossenses no evento. \u201cMomento positivo, pois potencializa a gera\u00e7\u00e3o de neg\u00f3cios e aumenta a visibilidade do Estado enquanto destino tur\u00edstico\u201d.<\/p>\n<p>Agentes de viagens e operadores de turismo ter\u00e3o a oportunidade de conhecer os principais produtos e servi\u00e7os do turismo sul-mato-grossense. O festival \u00e9 focado principalmente na gera\u00e7\u00e3o de neg\u00f3cios, no fortalecimento e divulga\u00e7\u00e3o do turismo no \u00e2mbito nacional e internacional, busca o desenvolvimento sustent\u00e1vel, enfatiza as inova\u00e7\u00f5es tecnol\u00f3gicas, estimula a produ\u00e7\u00e3o e dissemina\u00e7\u00e3o da ci\u00eancia, capacita profissionais impactando positivamente em toda a cadeia produtiva do turismo local e da regi\u00e3o.<\/p>\n<p><strong>Servi\u00e7o<\/strong><\/p>\n<p>12\u00ba Festival das Cataratas<\/p>\n<p>Dias: 28, 29 e 30 de junho de 2017<\/p>\n<p>Local: Rafain Palace Hotel &amp; Convention Foz do Igua\u00e7u \u2013 PR<\/p>\n","protected":false},"excerpt":{"rendered":"<p>Com objetivo de inserir e promover o turismo sul-mato-grossense entre as principais ag\u00eancias de viagens&#8230;<\/p>\n","protected":false},"author":1,"featured_media":0,"comment_status":"closed","ping_status":"closed","sticky":false,"template":"","format":"standard","meta":{"footnotes":""},"categories":[23],"tags":[],"class_list":["post-6014","post","type-post","status-publish","format-standard","hentry","category-turismo"],"_links":{"self":[{"href":"https:\/\/www.corumbaonline.com.br\/news\/wp-json\/wp\/v2\/posts\/6014","targetHints":{"allow":["GET"]}}],"collection":[{"href":"https:\/\/www.corumbaonline.com.br\/news\/wp-json\/wp\/v2\/posts"}],"about":[{"href":"https:\/\/www.corumbaonline.com.br\/news\/wp-json\/wp\/v2\/types\/post"}],"author":[{"embeddable":true,"href":"https:\/\/www.corumbaonline.com.br\/news\/wp-json\/wp\/v2\/users\/1"}],"replies":[{"embeddable":true,"href":"https:\/\/www.corumbaonline.com.br\/news\/wp-json\/wp\/v2\/comments?post=6014"}],"version-history":[{"count":1,"href":"https:\/\/www.corumbaonline.com.br\/news\/wp-json\/wp\/v2\/posts\/6014\/revisions"}],"predecessor-version":[{"id":6015,"href":"https:\/\/www.corumbaonline.com.br\/news\/wp-json\/wp\/v2\/posts\/6014\/revisions\/6015"}],"wp:attachment":[{"href":"https:\/\/www.corumbaonline.com.br\/news\/wp-json\/wp\/v2\/media?parent=6014"}],"wp:term":[{"taxonomy":"category","embeddable":true,"href":"https:\/\/www.corumbaonline.com.br\/news\/wp-json\/wp\/v2\/categories?post=6014"},{"taxonomy":"post_tag","embeddable":true,"href":"https:\/\/www.corumbaonline.com.br\/news\/wp-json\/wp\/v2\/tags?post=6014"}],"curies":[{"name":"wp","href":"https:\/\/api.w.org\/{rel}","templated":true}]}}