{"id":6031,"date":"2017-06-27T12:00:31","date_gmt":"2017-06-27T16:00:31","guid":{"rendered":"http:\/\/www.corumbaonline.com.br\/news\/?p=6031"},"modified":"2017-06-27T12:47:11","modified_gmt":"2017-06-27T16:47:11","slug":"povo-das-aguas-atende-ribeirinhos-do-bracinho-e-do-sao-domingos-nesta-terca","status":"publish","type":"post","link":"https:\/\/www.corumbaonline.com.br\/news\/povo-das-aguas-atende-ribeirinhos-do-bracinho-e-do-sao-domingos-nesta-terca\/","title":{"rendered":"Povo das \u00c1guas atende ribeirinhos do Bracinho e do S\u00e3o Domingos nesta ter\u00e7a"},"content":{"rendered":"<p>Realizado pela Prefeitura de Corumb\u00e1 e coordenado pela Secretaria Especial de Cidadania e Direitos Humanos, o Programa Social Povo das \u00c1guas atende os moradores do Bracinho e da Col\u00f4nia S\u00e3o Domingos nesta ter\u00e7a-feira, 27 de junho. Os trabalhos ser\u00e3o no Porto Sairu (Bracinho) e no Porto Figueira (S\u00e3o Domingos).<\/p>\n<p>&nbsp;<\/p>\n<p>Na quarta-feira (28), a Col\u00f4nia S\u00e3o Domingos ainda ser\u00e1 beneficiada, mas, desta vez, no Porto Sagrado. No dia seguinte, a equipe multidisciplinar da Prefeitura estar\u00e1 no Porto Santa Ana, na Col\u00f4nia do Cedro\/Lim\u00e3ozinho. A regi\u00e3o do Rio Negro ser\u00e1 atendida na sexta-feira, 30 de junho, no Porto 7 Irm\u00e3os. A previs\u00e3o \u00e9 que a embarca\u00e7\u00e3o com os 25 servidores municipais chegue ao Porto Geral no s\u00e1bado, 1\u00ba de julho.<\/p>\n<p>&nbsp;<\/p>\n<p><strong>Programa social realiza a\u00e7\u00f5es desde 2005<\/strong><\/p>\n<p>&nbsp;<\/p>\n<p>A administra\u00e7\u00e3o municipal de Corumb\u00e1 realiza a\u00e7\u00f5es de atendimento emergencial na regi\u00e3o ribeirinha desde 2005, atrav\u00e9s do projeto \u201cPrefeito Presente\u201d. Naquela \u00e9poca, foi poss\u00edvel constatar enorme car\u00eancia de atendimento b\u00e1sico na regi\u00e3o ribeirinha. A administra\u00e7\u00e3o municipal, sensibilizada pela aus\u00eancia de servi\u00e7os, criou o programa \u201cPovo das \u00c1guas\u201d, tornando-se Lei Municipal n\u00ba 2.263, em 24 de agosto de 2012.<\/p>\n<p>&nbsp;<\/p>\n<p>O \u201cPovo das \u00c1guas\u201d tem o objetivo de subsidiar pol\u00edticas p\u00fablicas sociais para as comunidades situadas nas \u00e1reas ribeirinhas com participa\u00e7\u00e3o das secretarias que comp\u00f5em a Prefeitura Municipal de Corumb\u00e1. O intuito \u00e9 realizar nove a\u00e7\u00f5es ao ano para que possa ser gerada continuidade ao atendimento \u00e0s fam\u00edlias dessas regi\u00f5es com atividades que promovam sa\u00fade, assist\u00eancia, educa\u00e7\u00e3o, transporte, lazer, comunica\u00e7\u00e3o e economia que permitam mudan\u00e7as na qualidade de vida dessa popula\u00e7\u00e3o.<\/p>\n","protected":false},"excerpt":{"rendered":"<p>Realizado pela Prefeitura de Corumb\u00e1 e coordenado pela Secretaria Especial de Cidadania e Direitos Humanos,&#8230;<\/p>\n","protected":false},"author":1,"featured_media":0,"comment_status":"closed","ping_status":"closed","sticky":false,"template":"","format":"standard","meta":{"footnotes":""},"categories":[14],"tags":[],"class_list":["post-6031","post","type-post","status-publish","format-standard","hentry","category-geral"],"_links":{"self":[{"href":"https:\/\/www.corumbaonline.com.br\/news\/wp-json\/wp\/v2\/posts\/6031","targetHints":{"allow":["GET"]}}],"collection":[{"href":"https:\/\/www.corumbaonline.com.br\/news\/wp-json\/wp\/v2\/posts"}],"about":[{"href":"https:\/\/www.corumbaonline.com.br\/news\/wp-json\/wp\/v2\/types\/post"}],"author":[{"embeddable":true,"href":"https:\/\/www.corumbaonline.com.br\/news\/wp-json\/wp\/v2\/users\/1"}],"replies":[{"embeddable":true,"href":"https:\/\/www.corumbaonline.com.br\/news\/wp-json\/wp\/v2\/comments?post=6031"}],"version-history":[{"count":1,"href":"https:\/\/www.corumbaonline.com.br\/news\/wp-json\/wp\/v2\/posts\/6031\/revisions"}],"predecessor-version":[{"id":6032,"href":"https:\/\/www.corumbaonline.com.br\/news\/wp-json\/wp\/v2\/posts\/6031\/revisions\/6032"}],"wp:attachment":[{"href":"https:\/\/www.corumbaonline.com.br\/news\/wp-json\/wp\/v2\/media?parent=6031"}],"wp:term":[{"taxonomy":"category","embeddable":true,"href":"https:\/\/www.corumbaonline.com.br\/news\/wp-json\/wp\/v2\/categories?post=6031"},{"taxonomy":"post_tag","embeddable":true,"href":"https:\/\/www.corumbaonline.com.br\/news\/wp-json\/wp\/v2\/tags?post=6031"}],"curies":[{"name":"wp","href":"https:\/\/api.w.org\/{rel}","templated":true}]}}