{"id":6034,"date":"2017-06-27T14:48:56","date_gmt":"2017-06-27T18:48:56","guid":{"rendered":"http:\/\/www.corumbaonline.com.br\/news\/?p=6034"},"modified":"2017-06-27T12:57:14","modified_gmt":"2017-06-27T16:57:14","slug":"indice-de-imunizacao-contra-aftosa-em-ms-contribui-para-metas-de-retirada-da-vacina-ate-2023-no-pais","status":"publish","type":"post","link":"https:\/\/www.corumbaonline.com.br\/news\/indice-de-imunizacao-contra-aftosa-em-ms-contribui-para-metas-de-retirada-da-vacina-ate-2023-no-pais\/","title":{"rendered":"\u00cdndice de imuniza\u00e7\u00e3o contra aftosa em MS contribui para metas de retirada da vacina at\u00e9 2023 no Pa\u00eds"},"content":{"rendered":"<p>O fim do prazo para registro de vacina\u00e7\u00e3o em diversos munic\u00edpios das tr\u00eas regi\u00f5es sanit\u00e1rias de Mato Grosso do Sul segue at\u00e9 30 de junho e o relat\u00f3rio parcial emitido pela Ag\u00eancia Estadual de Defesas Sanit\u00e1ria Animal e Vegetal (Iagro) j\u00e1 indica que os n\u00fameros v\u00e3o atingir o mesmo n\u00edvel de excel\u00eancia apresentado nos \u00faltimos anos.<\/p>\n<p>Dos 20.849.268 animais envolvidos nesta campanha, 98,53% da regi\u00e3o do Planalto; 76,97% da regi\u00e3o do Pantanal; e 86,24% dos animais da Zona de Fronteira, j\u00e1 foram vacinados e tiveram a vacina\u00e7\u00e3o registrada no sistema da Ag\u00eancia Estadual.<\/p>\n<p>Considerando que 1.199.066 doses da vacina constam no sistema como j\u00e1 adquiridas junto \u00e0s empresas, o diretor-presidente da Iagro, Luciano Chiochetta, acredita que at\u00e9 o encerramento do prazo de registro, na sexta-feira (30.6), os pecuaristas devem cumprir com o cronograma, ajudando Mato Grosso do Sul a figurar mais uma vez entre os tr\u00eas Estados com maior efici\u00eancia na preven\u00e7\u00e3o contra febre aftosa, com n\u00fameros superiores a 99% de alcance.<\/p>\n<p>Para Chiochetta, a parceria entre o Estado e os pecuaristas tem influenciado positivamente nas discuss\u00f5es para evolu\u00e7\u00e3o do status do Estado e, em consequ\u00eancia, na retirada da obrigatoriedade da vacina\u00e7\u00e3o, que essa semana ganhou ainda mais for\u00e7a com uma medida adotada pelo Minist\u00e9rio da Agricultura, Pecu\u00e1ria e Abastecimento (Mapa) para redu\u00e7\u00e3o da dose atual da vacina de 5 ml (considerada refor\u00e7ada) para 2 ml.<\/p>\n<p>De acordo com o secret\u00e1rio de Estado de Meio Ambiente, Desenvolvimento Econ\u00f4mico, Produ\u00e7\u00e3o e Agricultura Familiar, Jaime Verruck, a medida faz parte das a\u00e7\u00f5es que preveem a retirada da vacina\u00e7\u00e3o do Pa\u00eds entre 2019 e 2023, quando o Brasil dever\u00e1 ser reconhecido pela Organiza\u00e7\u00e3o Mundial de Sa\u00fade Animal (OIE) como livre da doen\u00e7a sem vacina\u00e7\u00e3o. \u201cA excel\u00eancia do trabalho da Iagro, aliada \u00e0 conscientiza\u00e7\u00e3o do pecuarista, que j\u00e1 assimilou a import\u00e2ncia do cumprimento do calend\u00e1rio de vacina\u00e7\u00e3o para manter a sa\u00fade do rebanho, fazem a diferen\u00e7a e nos mant\u00e9m entre os Estados com maior efici\u00eancia vacinal no Pa\u00eds, ajudando na evolu\u00e7\u00e3o do status no Pa\u00eds todo\u201d, finalizou.<\/p>\n","protected":false},"excerpt":{"rendered":"<p>O fim do prazo para registro de vacina\u00e7\u00e3o em diversos munic\u00edpios das tr\u00eas regi\u00f5es sanit\u00e1rias&#8230;<\/p>\n","protected":false},"author":1,"featured_media":6035,"comment_status":"closed","ping_status":"closed","sticky":false,"template":"","format":"standard","meta":{"footnotes":""},"categories":[2],"tags":[],"class_list":["post-6034","post","type-post","status-publish","format-standard","has-post-thumbnail","hentry","category-agropecuaria"],"_links":{"self":[{"href":"https:\/\/www.corumbaonline.com.br\/news\/wp-json\/wp\/v2\/posts\/6034","targetHints":{"allow":["GET"]}}],"collection":[{"href":"https:\/\/www.corumbaonline.com.br\/news\/wp-json\/wp\/v2\/posts"}],"about":[{"href":"https:\/\/www.corumbaonline.com.br\/news\/wp-json\/wp\/v2\/types\/post"}],"author":[{"embeddable":true,"href":"https:\/\/www.corumbaonline.com.br\/news\/wp-json\/wp\/v2\/users\/1"}],"replies":[{"embeddable":true,"href":"https:\/\/www.corumbaonline.com.br\/news\/wp-json\/wp\/v2\/comments?post=6034"}],"version-history":[{"count":1,"href":"https:\/\/www.corumbaonline.com.br\/news\/wp-json\/wp\/v2\/posts\/6034\/revisions"}],"predecessor-version":[{"id":6036,"href":"https:\/\/www.corumbaonline.com.br\/news\/wp-json\/wp\/v2\/posts\/6034\/revisions\/6036"}],"wp:featuredmedia":[{"embeddable":true,"href":"https:\/\/www.corumbaonline.com.br\/news\/wp-json\/wp\/v2\/media\/6035"}],"wp:attachment":[{"href":"https:\/\/www.corumbaonline.com.br\/news\/wp-json\/wp\/v2\/media?parent=6034"}],"wp:term":[{"taxonomy":"category","embeddable":true,"href":"https:\/\/www.corumbaonline.com.br\/news\/wp-json\/wp\/v2\/categories?post=6034"},{"taxonomy":"post_tag","embeddable":true,"href":"https:\/\/www.corumbaonline.com.br\/news\/wp-json\/wp\/v2\/tags?post=6034"}],"curies":[{"name":"wp","href":"https:\/\/api.w.org\/{rel}","templated":true}]}}