{"id":6306,"date":"2017-07-03T17:17:09","date_gmt":"2017-07-03T21:17:09","guid":{"rendered":"http:\/\/www.corumbaonline.com.br\/news\/?p=6306"},"modified":"2017-07-03T18:07:42","modified_gmt":"2017-07-03T22:07:42","slug":"com-parceiros-prefeitura-oferece-cursos-para-pequenos-produtores-rurais","status":"publish","type":"post","link":"https:\/\/www.corumbaonline.com.br\/news\/com-parceiros-prefeitura-oferece-cursos-para-pequenos-produtores-rurais\/","title":{"rendered":"Com parceiros, Prefeitura oferece cursos para pequenos produtores rurais"},"content":{"rendered":"<p>A Prefeitura, em parceria com o Sindicato Rural de Corumb\u00e1 e o Senar-MS, est\u00e1 oferecendo diversos cursos para os pequenos produtores da regi\u00e3o. As a\u00e7\u00f5es s\u00e3o coordenadas pela Secretaria de Ind\u00fastria, Com\u00e9rcio e Produ\u00e7\u00e3o Rural, com a participa\u00e7\u00e3o da Guarda Municipal e da Secretaria Especial de Cidadania e Direitos Humanos, e come\u00e7aram nesta segunda-feira, 3 de julho, no Assentamento S\u00e3o Gabriel.<\/p>\n<p>&nbsp;<\/p>\n<p>O curso de Implanta\u00e7\u00e3o de Manejo B\u00e1sico de Horta prossegue at\u00e9 a quarta-feira, dia 5, e atende 15 moradores do assentamento. Entre os dias 5 e 8 deste m\u00eas, as fam\u00edlias do S\u00e3o Gabriel poder\u00e3o participar da capacita\u00e7\u00e3o sobre Plantio e Manejo de Pomar e Cultivo de Goiaba.<\/p>\n<p>&nbsp;<\/p>\n<p>Nos dias 13 e 14, o curso ser\u00e1 sobre Cultivo de Mandioca, novamente no S\u00e3o Gabriel. Os cursos s\u00e3o totalmente gratuitos para os participantes e as inscri\u00e7\u00f5es podem ser feitas na Secretaria Municipal de Ind\u00fastria, Com\u00e9rcio e Produ\u00e7\u00e3o Rural. Outras informa\u00e7\u00f5es podem ser obtidas pelos telefones 3907-5349 e 3907-5350.<\/p>\n<p>&nbsp;<\/p>\n<p>A Prefeitura tamb\u00e9m oferece qualifica\u00e7\u00f5es na \u00e1rea urbana de Corumb\u00e1. Nos dias 17 e 18 de julho, a\u00e7\u00f5es sobre No\u00e7\u00f5es de Primeiros Socorros ser\u00e3o ministradas na sede do Sindicato Rural. J\u00e1 entre os dias 24 e 25, o curso ser\u00e1 sobre Rela\u00e7\u00f5es Interpessoais, novamente no Sindicato Rural, dessa vez com a parceria da Secretaria Especial de Cidadania e Direitos Humanos. A qualifica\u00e7\u00e3o volta a acontecer nos dias 26 e 27 de julho.<\/p>\n","protected":false},"excerpt":{"rendered":"<p>A Prefeitura, em parceria com o Sindicato Rural de Corumb\u00e1 e o Senar-MS, est\u00e1 oferecendo&#8230;<\/p>\n","protected":false},"author":1,"featured_media":0,"comment_status":"closed","ping_status":"closed","sticky":false,"template":"","format":"standard","meta":{"footnotes":""},"categories":[2],"tags":[],"class_list":["post-6306","post","type-post","status-publish","format-standard","hentry","category-agropecuaria"],"_links":{"self":[{"href":"https:\/\/www.corumbaonline.com.br\/news\/wp-json\/wp\/v2\/posts\/6306","targetHints":{"allow":["GET"]}}],"collection":[{"href":"https:\/\/www.corumbaonline.com.br\/news\/wp-json\/wp\/v2\/posts"}],"about":[{"href":"https:\/\/www.corumbaonline.com.br\/news\/wp-json\/wp\/v2\/types\/post"}],"author":[{"embeddable":true,"href":"https:\/\/www.corumbaonline.com.br\/news\/wp-json\/wp\/v2\/users\/1"}],"replies":[{"embeddable":true,"href":"https:\/\/www.corumbaonline.com.br\/news\/wp-json\/wp\/v2\/comments?post=6306"}],"version-history":[{"count":1,"href":"https:\/\/www.corumbaonline.com.br\/news\/wp-json\/wp\/v2\/posts\/6306\/revisions"}],"predecessor-version":[{"id":6307,"href":"https:\/\/www.corumbaonline.com.br\/news\/wp-json\/wp\/v2\/posts\/6306\/revisions\/6307"}],"wp:attachment":[{"href":"https:\/\/www.corumbaonline.com.br\/news\/wp-json\/wp\/v2\/media?parent=6306"}],"wp:term":[{"taxonomy":"category","embeddable":true,"href":"https:\/\/www.corumbaonline.com.br\/news\/wp-json\/wp\/v2\/categories?post=6306"},{"taxonomy":"post_tag","embeddable":true,"href":"https:\/\/www.corumbaonline.com.br\/news\/wp-json\/wp\/v2\/tags?post=6306"}],"curies":[{"name":"wp","href":"https:\/\/api.w.org\/{rel}","templated":true}]}}