{"id":6325,"date":"2017-07-04T08:33:05","date_gmt":"2017-07-04T12:33:05","guid":{"rendered":"http:\/\/www.corumbaonline.com.br\/news\/?p=6325"},"modified":"2017-07-04T08:01:50","modified_gmt":"2017-07-04T12:01:50","slug":"edemir-chaim-e-reconduzido-a-presidencia-do-sindicato-das-industrias-extrativas-de-corumba","status":"publish","type":"post","link":"https:\/\/www.corumbaonline.com.br\/news\/edemir-chaim-e-reconduzido-a-presidencia-do-sindicato-das-industrias-extrativas-de-corumba\/","title":{"rendered":"Edemir Chaim \u00e9 reconduzido \u00e0 presid\u00eancia do Sindicato das Ind\u00fastrias Extrativas de Corumb\u00e1"},"content":{"rendered":"<p>O empres\u00e1rio Edemir Chaim Asseff foi reconduzido, nesta segunda-feira (03\/07), ao cargo de presidente do Sindiecol (Sindicato das Ind\u00fastrias Extrativas de Corumb\u00e1) para o tri\u00eanio 2017\/2020. Com chapa \u00fanica, denominada \u201cFortalecimento Sindical\u201d, os representantes das ind\u00fastrias filiadas tamb\u00e9m elegeram os empres\u00e1rios Juscelino Dion\u00edsio dos Santos Junior como tesoureiro e Irma Tinoco Atagiba Asseff como secretaria-geral.<\/p>\n<p>&nbsp;<\/p>\n<p>Depois de conclu\u00edda a vota\u00e7\u00e3o que confirmou o resultado, o novo o presidente do Sindiecol falou sobre as perspectivas para os pr\u00f3ximos tr\u00eas anos e desafios para lidar com os obst\u00e1culos inerentes ao segmento, como a r\u00edgida legisla\u00e7\u00e3o ambiental de Corumb\u00e1. \u201cVamos continuar com o trabalho que v\u00ednhamos desenvolvendo \u00e0 frente do Sindicato. Refor\u00e7ar a aproxima\u00e7\u00e3o com a Vale, e tamb\u00e9m com a Prefeitura de Corumb\u00e1, no intuito de alinhar parcerias para atra\u00e7\u00e3o de novas empresas. Hoje, esbarramos na legisla\u00e7\u00e3o, que \u00e9 muito r\u00edgida e impede a chegada de investimentos\u201d, comentou o presidente do Sindiecol.<\/p>\n<p>&nbsp;<\/p>\n<p>Outra expectativa gira em torno da C\u00e2mara Setorial da Cadeia Produtiva Mineral, institu\u00edda na semana passada pelo Governo do Estado, por meio da Semagro (Secretaria Estadual de Meio Ambiente, Desenvolvimento Econ\u00f4mico, Produ\u00e7\u00e3o e Agricultura Familiar), para subsidiar a elabora\u00e7\u00e3o de pol\u00edticas do segmento da ind\u00fastria mineral em Mato Grosso do Sul, da qual o Sindiecol faz parte. \u201cA cria\u00e7\u00e3o da C\u00e2mara Setorial nos torna mais fortes. Teremos a oportunidade de apresentar nossas demandas de forma mais contundente\u201d, acrescentou Chaim.<\/p>\n<p>&nbsp;<\/p>\n<p><strong>Confira a abaixo a composi\u00e7\u00e3o da nova diretoria do Simec:<\/strong><\/p>\n<p>&nbsp;<\/p>\n<p>Presidente &#8211; Edemir Chaim Asseff<\/p>\n<p>Tesoureiro &#8211; Juscelino Dion\u00edsio dos Santos Junior<\/p>\n<p>Secret\u00e1rio-Geral &#8211; Irma Tinoco Atagiba Asseff<\/p>\n<p>Suplente da Diretoria &#8211; Samir Chaim Asseff Silva<\/p>\n<p>Suplente da Diretoria &#8211; Josselino Chaim Asseff<\/p>\n<p>Suplente da Diretoria &#8211; Rosemira Suzete Chaim da Silva<\/p>\n<p>&nbsp;<\/p>\n<p>Conselho Fiscal<\/p>\n<p>&nbsp;<\/p>\n<p>Titulares<\/p>\n<p>&nbsp;<\/p>\n<p>Edvaldo Velasco Martins<\/p>\n<p>Rubens Cesar Balejo Geremias<\/p>\n<p>Ivan Ferreira da Silva<\/p>\n<p>&nbsp;<\/p>\n<p>Suplentes<\/p>\n<p>&nbsp;<\/p>\n<p>Gilberto da Paix\u00e3o Martinez<\/p>\n<p>Elaine de Oliveira Alves<\/p>\n<p>Almir Rivelino Benzi<\/p>\n<p>&nbsp;<\/p>\n<p>Delegados Representantes junto \u00e0 Fiems<\/p>\n<p>&nbsp;<\/p>\n<p>Titular &#8211; Edemir Chaim Asseff<\/p>\n<p>Suplente &#8211; Irma Tinoco Atagiba Asseff<\/p>\n","protected":false},"excerpt":{"rendered":"<p>O empres\u00e1rio Edemir Chaim Asseff foi reconduzido, nesta segunda-feira (03\/07), ao cargo de presidente do&#8230;<\/p>\n","protected":false},"author":1,"featured_media":6326,"comment_status":"closed","ping_status":"closed","sticky":false,"template":"","format":"standard","meta":{"footnotes":""},"categories":[9,19],"tags":[],"class_list":["post-6325","post","type-post","status-publish","format-standard","has-post-thumbnail","hentry","category-economia","category-politica"],"_links":{"self":[{"href":"https:\/\/www.corumbaonline.com.br\/news\/wp-json\/wp\/v2\/posts\/6325","targetHints":{"allow":["GET"]}}],"collection":[{"href":"https:\/\/www.corumbaonline.com.br\/news\/wp-json\/wp\/v2\/posts"}],"about":[{"href":"https:\/\/www.corumbaonline.com.br\/news\/wp-json\/wp\/v2\/types\/post"}],"author":[{"embeddable":true,"href":"https:\/\/www.corumbaonline.com.br\/news\/wp-json\/wp\/v2\/users\/1"}],"replies":[{"embeddable":true,"href":"https:\/\/www.corumbaonline.com.br\/news\/wp-json\/wp\/v2\/comments?post=6325"}],"version-history":[{"count":1,"href":"https:\/\/www.corumbaonline.com.br\/news\/wp-json\/wp\/v2\/posts\/6325\/revisions"}],"predecessor-version":[{"id":6327,"href":"https:\/\/www.corumbaonline.com.br\/news\/wp-json\/wp\/v2\/posts\/6325\/revisions\/6327"}],"wp:featuredmedia":[{"embeddable":true,"href":"https:\/\/www.corumbaonline.com.br\/news\/wp-json\/wp\/v2\/media\/6326"}],"wp:attachment":[{"href":"https:\/\/www.corumbaonline.com.br\/news\/wp-json\/wp\/v2\/media?parent=6325"}],"wp:term":[{"taxonomy":"category","embeddable":true,"href":"https:\/\/www.corumbaonline.com.br\/news\/wp-json\/wp\/v2\/categories?post=6325"},{"taxonomy":"post_tag","embeddable":true,"href":"https:\/\/www.corumbaonline.com.br\/news\/wp-json\/wp\/v2\/tags?post=6325"}],"curies":[{"name":"wp","href":"https:\/\/api.w.org\/{rel}","templated":true}]}}