{"id":6408,"date":"2017-07-05T11:11:52","date_gmt":"2017-07-05T15:11:52","guid":{"rendered":"http:\/\/www.corumbaonline.com.br\/news\/?p=6408"},"modified":"2017-07-05T11:06:21","modified_gmt":"2017-07-05T15:06:21","slug":"educacao-organiza-projeto-de-funcionamento-de-creches-nas-ferias","status":"publish","type":"post","link":"https:\/\/www.corumbaonline.com.br\/news\/educacao-organiza-projeto-de-funcionamento-de-creches-nas-ferias\/","title":{"rendered":"Educa\u00e7\u00e3o organiza projeto de funcionamento de creches nas f\u00e9rias"},"content":{"rendered":"<p>A Prefeitura Municipal de Corumb\u00e1, por meio da Secretaria de Educa\u00e7\u00e3o, realizar\u00e1 o projeto \u201cM\u00e3e Crecheira\u201d, no per\u00edodo de 10 a 21 de julho. O projeto foi formulado para garantir a perman\u00eancia da crian\u00e7a matriculada na institui\u00e7\u00e3o durante as f\u00e9rias, quando os pais est\u00e3o trabalhando e n\u00e3o t\u00eam com quem deixar os filhos. As crian\u00e7as ser\u00e3o atendidas em tr\u00eas polos: Centro Municipal de Educa\u00e7\u00e3o Infantil Parteira Inoc\u00eancia Cambar\u00e1, Centro Municipal de Educa\u00e7\u00e3o Infantil Professora H\u00e9lia da Costa Reis e o Centro Municipal de Educa\u00e7\u00e3o Infantil Val\u00f3dia Serra.<\/p>\n<p>&nbsp;<\/p>\n<p>Al\u00e9m de estimular a socializa\u00e7\u00e3o, autonomia e afetividade das crian\u00e7as, a ideia tem o intuito tamb\u00e9m de contribuir para o envolvimento efetivo da fam\u00edlia na institui\u00e7\u00e3o. De acordo com a Secretaria Municipal de Educa\u00e7\u00e3o, todas as atividades pedag\u00f3gicas ser\u00e3o desenvolvidas por meio do l\u00fadico.<\/p>\n<p>&nbsp;<\/p>\n<p>O N\u00facleo de Educa\u00e7\u00e3o Infantil da Secretaria de Educa\u00e7\u00e3o est\u00e1 organizando o projeto junto com os diretores e coordenadores dos Centros Municipais de Educa\u00e7\u00e3o Infantil, contando com a parceria da Universidade UNOPAR, que disponibilizar\u00e1 estagi\u00e1rios do curso de Pedagogia e Educa\u00e7\u00e3o F\u00edsica. Professores e estagi\u00e1rios que v\u00e3o participar do \u201cM\u00e3e Crecheira\u201d passaram por forma\u00e7\u00e3o no dia 4 de julho, no Sindicato Rural de Corumb\u00e1, ministrada pelos t\u00e9cnicos do N\u00facleo de Educa\u00e7\u00e3o Infantil, diretores e coordenadores.<\/p>\n","protected":false},"excerpt":{"rendered":"<p>A Prefeitura Municipal de Corumb\u00e1, por meio da Secretaria de Educa\u00e7\u00e3o, realizar\u00e1 o projeto \u201cM\u00e3e&#8230;<\/p>\n","protected":false},"author":1,"featured_media":0,"comment_status":"closed","ping_status":"closed","sticky":false,"template":"","format":"standard","meta":{"footnotes":""},"categories":[10],"tags":[],"class_list":["post-6408","post","type-post","status-publish","format-standard","hentry","category-educacao"],"_links":{"self":[{"href":"https:\/\/www.corumbaonline.com.br\/news\/wp-json\/wp\/v2\/posts\/6408","targetHints":{"allow":["GET"]}}],"collection":[{"href":"https:\/\/www.corumbaonline.com.br\/news\/wp-json\/wp\/v2\/posts"}],"about":[{"href":"https:\/\/www.corumbaonline.com.br\/news\/wp-json\/wp\/v2\/types\/post"}],"author":[{"embeddable":true,"href":"https:\/\/www.corumbaonline.com.br\/news\/wp-json\/wp\/v2\/users\/1"}],"replies":[{"embeddable":true,"href":"https:\/\/www.corumbaonline.com.br\/news\/wp-json\/wp\/v2\/comments?post=6408"}],"version-history":[{"count":1,"href":"https:\/\/www.corumbaonline.com.br\/news\/wp-json\/wp\/v2\/posts\/6408\/revisions"}],"predecessor-version":[{"id":6409,"href":"https:\/\/www.corumbaonline.com.br\/news\/wp-json\/wp\/v2\/posts\/6408\/revisions\/6409"}],"wp:attachment":[{"href":"https:\/\/www.corumbaonline.com.br\/news\/wp-json\/wp\/v2\/media?parent=6408"}],"wp:term":[{"taxonomy":"category","embeddable":true,"href":"https:\/\/www.corumbaonline.com.br\/news\/wp-json\/wp\/v2\/categories?post=6408"},{"taxonomy":"post_tag","embeddable":true,"href":"https:\/\/www.corumbaonline.com.br\/news\/wp-json\/wp\/v2\/tags?post=6408"}],"curies":[{"name":"wp","href":"https:\/\/api.w.org\/{rel}","templated":true}]}}