{"id":6438,"date":"2017-07-06T08:06:31","date_gmt":"2017-07-06T12:06:31","guid":{"rendered":"http:\/\/www.corumbaonline.com.br\/news\/?p=6438"},"modified":"2017-07-06T08:04:14","modified_gmt":"2017-07-06T12:04:14","slug":"ruiter-lanca-acao-saude-em-dia-nesta-quinta-feira-no-sindicato-rural-2","status":"publish","type":"post","link":"https:\/\/www.corumbaonline.com.br\/news\/ruiter-lanca-acao-saude-em-dia-nesta-quinta-feira-no-sindicato-rural-2\/","title":{"rendered":"Ruiter lan\u00e7a A\u00e7\u00e3o Sa\u00fade em Dia nesta quinta-feira no Sindicato Rural"},"content":{"rendered":"<p>O prefeito de Corumb\u00e1, Ruiter Cunha de Oliveira, e o secret\u00e1rio municipal de Sa\u00fade, Rog\u00e9rio dos Santos Leite, lan\u00e7am nesta quinta-feira, 6 de julho, a A\u00e7\u00e3o Sa\u00fade em Dia. A solenidade acontece no audit\u00f3rio do Sindicato Rural de Corumb\u00e1, localizado na avenida General Rondon, \u00e0s 9 horas.<\/p>\n<p>&nbsp;<\/p>\n<p>Idealizado para fortalecer as a\u00e7\u00f5es de preven\u00e7\u00e3o e promo\u00e7\u00e3o \u00e0 sa\u00fade, a A\u00e7\u00e3o vai reduzir o tempo de espera para realiza\u00e7\u00e3o de diversos exames, como ultrassonografia, tratamentos odontol\u00f3gicos e consultas de especialidades. O trabalho vai ainda acelerar o diagn\u00f3stico de doen\u00e7as com mortalidade e morbidade elevadas no Munic\u00edpio.<\/p>\n","protected":false},"excerpt":{"rendered":"<p>O prefeito de Corumb\u00e1, Ruiter Cunha de Oliveira, e o secret\u00e1rio municipal de Sa\u00fade, Rog\u00e9rio&#8230;<\/p>\n","protected":false},"author":1,"featured_media":0,"comment_status":"closed","ping_status":"closed","sticky":false,"template":"","format":"standard","meta":{"footnotes":""},"categories":[21],"tags":[],"class_list":["post-6438","post","type-post","status-publish","format-standard","hentry","category-saude"],"_links":{"self":[{"href":"https:\/\/www.corumbaonline.com.br\/news\/wp-json\/wp\/v2\/posts\/6438","targetHints":{"allow":["GET"]}}],"collection":[{"href":"https:\/\/www.corumbaonline.com.br\/news\/wp-json\/wp\/v2\/posts"}],"about":[{"href":"https:\/\/www.corumbaonline.com.br\/news\/wp-json\/wp\/v2\/types\/post"}],"author":[{"embeddable":true,"href":"https:\/\/www.corumbaonline.com.br\/news\/wp-json\/wp\/v2\/users\/1"}],"replies":[{"embeddable":true,"href":"https:\/\/www.corumbaonline.com.br\/news\/wp-json\/wp\/v2\/comments?post=6438"}],"version-history":[{"count":1,"href":"https:\/\/www.corumbaonline.com.br\/news\/wp-json\/wp\/v2\/posts\/6438\/revisions"}],"predecessor-version":[{"id":6439,"href":"https:\/\/www.corumbaonline.com.br\/news\/wp-json\/wp\/v2\/posts\/6438\/revisions\/6439"}],"wp:attachment":[{"href":"https:\/\/www.corumbaonline.com.br\/news\/wp-json\/wp\/v2\/media?parent=6438"}],"wp:term":[{"taxonomy":"category","embeddable":true,"href":"https:\/\/www.corumbaonline.com.br\/news\/wp-json\/wp\/v2\/categories?post=6438"},{"taxonomy":"post_tag","embeddable":true,"href":"https:\/\/www.corumbaonline.com.br\/news\/wp-json\/wp\/v2\/tags?post=6438"}],"curies":[{"name":"wp","href":"https:\/\/api.w.org\/{rel}","templated":true}]}}