{"id":6454,"date":"2017-07-06T10:10:13","date_gmt":"2017-07-06T14:10:13","guid":{"rendered":"http:\/\/www.corumbaonline.com.br\/news\/?p=6454"},"modified":"2017-07-06T15:09:31","modified_gmt":"2017-07-06T19:09:31","slug":"acao-saude-em-dia-tera-atendimento-medico-atividades-sociais-e-de-lazer","status":"publish","type":"post","link":"https:\/\/www.corumbaonline.com.br\/news\/acao-saude-em-dia-tera-atendimento-medico-atividades-sociais-e-de-lazer\/","title":{"rendered":"A\u00e7\u00e3o Sa\u00fade em Dia ter\u00e1 atendimento m\u00e9dico, atividades sociais e de lazer"},"content":{"rendered":"<p>O projeto A\u00e7\u00e3o Sa\u00fade em Dia ser\u00e1 iniciado no s\u00e1bado, 8 de julho, a partir das 08 horas da manh\u00e3, no Centro Popular de Cultura, Esporte e Lazer \u201cNa\u00e7\u00e3o Guat\u00f3\u201d. A finalidade \u00e9 reduzir demanda reprimida de exames de ultrassonografia, tratamento odontol\u00f3gico de m\u00e9dia complexidade e consultas de especialidades do munic\u00edpio de Corumb\u00e1. Ao meio-dia, ser\u00e3o finalizados os atendimentos m\u00e9dicos e odontol\u00f3gicos, j\u00e1 os agendamentos podem ser feitos at\u00e9 \u00e0s 16h30.<\/p>\n<p>&nbsp;<\/p>\n<p>No s\u00e1bado, ser\u00e3o oferecidas consultas com cl\u00ednico-geral e pediatra, realizadas aferi\u00e7\u00e3o de press\u00e3o arterial e glicemia capilar e feitas orienta\u00e7\u00f5es sobre preven\u00e7\u00e3o de doen\u00e7as, de gravidez na adolesc\u00eancia e sobre planejamento familiar. Haver\u00e1 ainda distribui\u00e7\u00e3o de preservativos, vacina\u00e7\u00e3o e entrega de rem\u00e9dios b\u00e1sicos. Pesagem de benefici\u00e1rios do Bolsa Fam\u00edlia, palestra educativa sobre o meio ambiente e orienta\u00e7\u00e3o sobre acidentes no tr\u00e2nsito ser\u00e3o tamb\u00e9m realizadas.<\/p>\n<p>&nbsp;<\/p>\n<p>O lazer n\u00e3o ser\u00e1 esquecido durante a A\u00e7\u00e3o. Sess\u00f5es de gin\u00e1stica, torneio, jogos, oficinas, apresenta\u00e7\u00e3o de dan\u00e7as, orienta\u00e7\u00f5es sobre a import\u00e2ncia da pr\u00e1tica esportiva na melhoria da qualidade de vida, recrea\u00e7\u00e3o em pula-pula infantil e massagem expressa ser\u00e3o oferecidos. J\u00e1 nos s\u00e1bados subsequentes, haver\u00e1 somente agendamentos e avalia\u00e7\u00e3o odontol\u00f3gica de m\u00e9dia complexidade.<\/p>\n<p>&nbsp;<\/p>\n<p>As atividades da A\u00e7\u00e3o Sa\u00fade em Dia ser\u00e3o executadas em tr\u00eas etapas, sendo a primeira correspondente \u00e0 remarca\u00e7\u00e3o e agendamento antecipando as demandas dos pacientes j\u00e1 agendados com tempo de espera m\u00e9dio de at\u00e9 cinco meses. A segunda etapa ser\u00e1 a execu\u00e7\u00e3o das demandas em hor\u00e1rios diferenciados aos agendamentos de rotina dos servi\u00e7os especializados. A terceira fase contar\u00e1 com atendimentos dos m\u00e9dicos para avalia\u00e7\u00e3o do resultado dos exames e encaminhamento para novo fluxo de atendimento, de acordo com a necessidade do paciente.<\/p>\n<p>&nbsp;<\/p>\n<p>A remarca\u00e7\u00e3o dos exames vai ocorrer em tr\u00eas s\u00e1bados seguidos, iniciando no dia 08 de julho, quando ser\u00e3o contemplados bairros Universit\u00e1rio, Previsul &#8211; Camalote, Centro Am\u00e9rica, Cravo Vermelho I e II, Cristo Redentor, Popular Velha, Maria Leite e conjunto Padre Ernesto Sassida. No dia 15 de julho, a remarca\u00e7\u00e3o de exames ser\u00e1 feita na Academia de Sa\u00fade Arthur Marinho e vai contemplar os bairros Dom Bosco, Cervejaria, Arthur Marinho, Generoso, Centro, Aeroporto, Nossa Senhora de F\u00e1tima e Borrowski \u2013 Centro. No dia 22 de julho, a a\u00e7\u00e3o ser\u00e1 na pra\u00e7a CEU e vai contemplar com remarca\u00e7\u00e3o de exames moradores do Loteamento Pantanal \u2013\u00a0 Guan\u00e3, Guat\u00f3s \u2013 Guaicurus, Jo\u00e3o de Deus \u2013 Guarani, Jardim dos Estados, Popular Nova \u2013 Nossa Senhora de F\u00e1tima, Nova Corumb\u00e1 \u2013 Guanabara \u2013 Primavera.<\/p>\n<p>&nbsp;<\/p>\n<p>Essas remarca\u00e7\u00f5es ser\u00e3o feitas por profissionais dos setores administrativos e recepcionistas dos servi\u00e7os especializados\u00a0<strong>para os pacientes que j\u00e1 possuem o pedido de exame e tratamento odontol\u00f3gico<\/strong>.<\/p>\n<p>&nbsp;<\/p>\n<p>Com o projeto, estima-se que mensalmente sejam realizados 800 atendimentos a mais da quantidade feita normalmente pelo Munic\u00edpio, no total de 1.600 no per\u00edodo de dois meses de a\u00e7\u00e3o. Ser\u00e3o feitas ultrassonografias de abd\u00f4men total, rins e vias urin\u00e1rias, pr\u00f3stata, mamas, bolsa escrotal, ultrassom p\u00e9lvico e transvaginal. Esses exames ser\u00e3o feitos no Centro de Sa\u00fade da Mulher. O Eco Doppler MMII unilateral ser\u00e1 realizado na Santa Casa de Corumb\u00e1, enquanto consultas cardiol\u00f3gicas, oftalmol\u00f3gicas e a endoscopia ser\u00e3o realizadas no Centro de Atendimento de Especialidade em Sa\u00fade. Normalmente, por m\u00eas, s\u00e3o feitos 1.595 exames, ou seja, com o projeto Sa\u00fade em Dia, haver\u00e1 acr\u00e9scimo da realiza\u00e7\u00e3o de mais de 50%.<\/p>\n","protected":false},"excerpt":{"rendered":"<p>O projeto A\u00e7\u00e3o Sa\u00fade em Dia ser\u00e1 iniciado no s\u00e1bado, 8 de julho, a partir&#8230;<\/p>\n","protected":false},"author":1,"featured_media":6474,"comment_status":"closed","ping_status":"closed","sticky":false,"template":"","format":"standard","meta":{"footnotes":""},"categories":[8,21],"tags":[],"class_list":["post-6454","post","type-post","status-publish","format-standard","has-post-thumbnail","hentry","category-destaque","category-saude"],"_links":{"self":[{"href":"https:\/\/www.corumbaonline.com.br\/news\/wp-json\/wp\/v2\/posts\/6454","targetHints":{"allow":["GET"]}}],"collection":[{"href":"https:\/\/www.corumbaonline.com.br\/news\/wp-json\/wp\/v2\/posts"}],"about":[{"href":"https:\/\/www.corumbaonline.com.br\/news\/wp-json\/wp\/v2\/types\/post"}],"author":[{"embeddable":true,"href":"https:\/\/www.corumbaonline.com.br\/news\/wp-json\/wp\/v2\/users\/1"}],"replies":[{"embeddable":true,"href":"https:\/\/www.corumbaonline.com.br\/news\/wp-json\/wp\/v2\/comments?post=6454"}],"version-history":[{"count":1,"href":"https:\/\/www.corumbaonline.com.br\/news\/wp-json\/wp\/v2\/posts\/6454\/revisions"}],"predecessor-version":[{"id":6455,"href":"https:\/\/www.corumbaonline.com.br\/news\/wp-json\/wp\/v2\/posts\/6454\/revisions\/6455"}],"wp:featuredmedia":[{"embeddable":true,"href":"https:\/\/www.corumbaonline.com.br\/news\/wp-json\/wp\/v2\/media\/6474"}],"wp:attachment":[{"href":"https:\/\/www.corumbaonline.com.br\/news\/wp-json\/wp\/v2\/media?parent=6454"}],"wp:term":[{"taxonomy":"category","embeddable":true,"href":"https:\/\/www.corumbaonline.com.br\/news\/wp-json\/wp\/v2\/categories?post=6454"},{"taxonomy":"post_tag","embeddable":true,"href":"https:\/\/www.corumbaonline.com.br\/news\/wp-json\/wp\/v2\/tags?post=6454"}],"curies":[{"name":"wp","href":"https:\/\/api.w.org\/{rel}","templated":true}]}}