{"id":6475,"date":"2017-07-06T14:45:44","date_gmt":"2017-07-06T18:45:44","guid":{"rendered":"http:\/\/www.corumbaonline.com.br\/news\/?p=6475"},"modified":"2017-07-06T15:11:00","modified_gmt":"2017-07-06T19:11:00","slug":"saude-em-dia-atende-quem-precisa-de-olhar-mais-cuidadoso-do-municipio-diz-ruiter","status":"publish","type":"post","link":"https:\/\/www.corumbaonline.com.br\/news\/saude-em-dia-atende-quem-precisa-de-olhar-mais-cuidadoso-do-municipio-diz-ruiter\/","title":{"rendered":"Sa\u00fade em Dia atende quem precisa de olhar mais cuidadoso do Munic\u00edpio, diz Ruiter"},"content":{"rendered":"<p>Zerar a fila de espera de pacientes consultas e exames de especialidades m\u00e9dicas. Essa \u00e9 a meta do da a\u00e7\u00e3o \u2018Sa\u00fade em Dia\u2019 que a Prefeitura de Corumb\u00e1 inicia no s\u00e1bado, 08 de julho, no Centro Popular de Cultura, Esporte e Lazer \u201cNa\u00e7\u00e3o Guat\u00f3\u201d, a partir das 08 horas. Com o projeto, lan\u00e7ado na manh\u00e3 desta quinta-feira, dia 06, pelo prefeito Ruiter Cunha de Oliveira e pelo secret\u00e1rio Municipal de Sa\u00fade, Rog\u00e9rio Leite, estima-se que mensalmente sejam realizados 800 atendimentos a mais da quantidade feita normalmente pelo Munic\u00edpio, no total de 1.600 no per\u00edodo de dois meses de a\u00e7\u00e3o. O Munic\u00edpio est\u00e1 empregando recursos pr\u00f3prios na a\u00e7\u00e3o. O vice-prefeito, Marcelo Iunes, tamb\u00e9m participou da solenidade.<\/p>\n<p>&nbsp;<\/p>\n<p>Ser\u00e3o feitas ultrassonografias de abd\u00f4men total, rins e vias urin\u00e1rias, pr\u00f3stata, mamas, bolsa escrotal, ultrassom p\u00e9lvico e transvaginal. Esses exames ser\u00e3o feitos no Centro de Sa\u00fade da Mulher. O Eco Doppler MMII unilateral ser\u00e1 realizado na Santa Casa de Corumb\u00e1, enquanto consultas cardiol\u00f3gicas, oftalmol\u00f3gicas e a endoscopia ser\u00e3o realizadas no Centro de Atendimento de Especialidade em Sa\u00fade. Normalmente, por m\u00eas, s\u00e3o feitos 1.595 exames, ou seja, com o projeto \u2018Sa\u00fade em Dia\u2019, haver\u00e1 acr\u00e9scimo da realiza\u00e7\u00e3o de mais de 50%.<\/p>\n<p>&nbsp;<\/p>\n<p>\u201cEssa a\u00e7\u00e3o que iniciamos no s\u00e1bado, dia 08, decorreu justamente de onde deveria. Ainda que planejada pelos t\u00e9cnicos da Sa\u00fade, a motiva\u00e7\u00e3o veio da popula\u00e7\u00e3o, do povo e das necessidades das pessoas que ainda clamam e precisam, cada vez mais, do aprimoramento, aperfei\u00e7oamento, da dedica\u00e7\u00e3o de todo n\u00f3s, enquanto servidores p\u00fablicos, do prefeito ao menos graduado servidor, para que a gente possa fazer uma sa\u00fade de melhor e maior qualidade\u201d, afirmou o prefeito Ruiter Cunha ao lan\u00e7ar o projeto.<\/p>\n<p>&nbsp;<\/p>\n<p>O chefe do Executivo Municipal destacou que o projeto \u2018Sa\u00fade em Dia\u2019 se traduz no atendimento \u00e0s necessidades de uma significativa parcela da popula\u00e7\u00e3o que necessita do olhar mais cuidadoso da sa\u00fade p\u00fablica. \u201cA a\u00e7\u00e3o \u2018Sa\u00fade em Dia\u2019 sintetiza tudo isso. \u00c9 o resumo das aspira\u00e7\u00f5es do povo mais sofrido da nossa cidade, que talvez n\u00e3o tenha condi\u00e7\u00f5es de pagar exames, que n\u00e3o pode mais ficar cinco, seis meses na fila de espera para ter exame e depois ficar mais cinco, seis meses na fila para ter a consulta m\u00e9dica. \u00c9 esse povo que est\u00e1 sendo olhado neste momento e esse povo que precisamos fazer com que cada vez mais, nossas a\u00e7\u00f5es sejam priorizadas\u201d, frisou.<\/p>\n<p>&nbsp;<\/p>\n<p>Ruiter afirmou que o \u2018Sa\u00fade em Dia\u2019 consolida um compromisso de sua administra\u00e7\u00e3o, assumido antes de tomar posse no cargo. \u201cFormalizamos o compromisso que, em primeiro lugar, priorizar\u00edamos a\u00e7\u00f5es que, de fato, atenderiam aquelas pessoas que mais necessitavam do Poder P\u00fablico. Recebemos v\u00e1rios pedidos na quest\u00e3o da Sa\u00fade P\u00fablica, que estava com in\u00fameros atrasos na \u00e1rea de exames, consulta m\u00e9dica especializada e nos diversos atendimentos que a Secretaria de Sa\u00fade deveria proporcionar e n\u00e3o estava proporcionando\u201d.<\/p>\n<p>&nbsp;<\/p>\n<p>O compromisso, segundo o prefeito Ruiter Cunha, em reduzir a demanda reprimida existente no atendimento \u00e0 realiza\u00e7\u00e3o de consultas e exames de especialidades m\u00e9dicas na cidade \u00e9 de toda a Administra\u00e7\u00e3o Municipal. \u201cPrecisamos avan\u00e7ar e fazer com que essas filas diminuam e que as pessoas tenham mais esperan\u00e7as. Somos n\u00f3s que tempos de fazer isso, mesmo com toda dificuldade que temos. Somos n\u00f3s, que a popula\u00e7\u00e3o enxerga como luz para resolver os problemas deles. Quero deixar esse compromisso, e de todos os meus companheiros servidores p\u00fablicos da gest\u00e3o, de comprometimento com a causa p\u00fablica, de nos dedicarmos e intensificarmos nossas a\u00e7\u00f5es. O fruto delas vai atender aqueles que mais necessitam\u201d, finalizou o chefe do Executivo.<\/p>\n<p>&nbsp;<\/p>\n<p><strong>Tr\u00eas etapas<\/strong><\/p>\n<p>&nbsp;<\/p>\n<p>As atividades da a\u00e7\u00e3o \u2018Sa\u00fade em Dia\u2019 ser\u00e3o executadas em tr\u00eas etapas, sendo a primeira correspondente \u00e0 remarca\u00e7\u00e3o e agendamento antecipando as demandas dos pacientes j\u00e1 agendados com tempo de espera m\u00e9dio de at\u00e9 cinco meses. A segunda etapa ser\u00e1 a execu\u00e7\u00e3o das demandas em hor\u00e1rios diferenciados aos agendamentos de rotina dos servi\u00e7os especializados. A terceira fase contar\u00e1 com atendimentos dos m\u00e9dicos para avalia\u00e7\u00e3o do resultado dos exames e encaminhamento para novo fluxo de atendimento, de acordo com a necessidade do paciente.<\/p>\n<p>&nbsp;<\/p>\n<p>A remarca\u00e7\u00e3o dos exames vai ocorrer em tr\u00eas s\u00e1bados seguidos, iniciando no dia 08 de julho, quando ser\u00e3o contemplados bairros Universit\u00e1rio, Previsul &#8211; Camalote, Centro Am\u00e9rica, Cravo Vermelho I e II, Cristo Redentor, Popular Velha, Maria Leite e conjunto Padre Ernesto Sassida. No dia 15 de julho, a remarca\u00e7\u00e3o de exames ser\u00e1 feita na Academia de Sa\u00fade Arthur Marinho e vai contemplar os bairros Dom Bosco, Cervejaria, Arthur Marinho, Generoso, Centro, Aeroporto, Nossa Senhora de F\u00e1tima e Borrowski \u2013 Centro. No dia 22 de julho, a a\u00e7\u00e3o ser\u00e1 na pra\u00e7a CEU e vai contemplar com remarca\u00e7\u00e3o de exames moradores do Loteamento Pantanal \u2013\u00a0 Guan\u00e3, Guat\u00f3s \u2013 Guaicurus, Jo\u00e3o de Deus \u2013 Guarani, Jardim dos Estados, Popular Nova \u2013 Nossa Senhora de F\u00e1tima, Nova Corumb\u00e1 \u2013 Guanabara \u2013 Primavera.<\/p>\n","protected":false},"excerpt":{"rendered":"<p>Zerar a fila de espera de pacientes consultas e exames de especialidades m\u00e9dicas. Essa \u00e9&#8230;<\/p>\n","protected":false},"author":1,"featured_media":6476,"comment_status":"closed","ping_status":"closed","sticky":false,"template":"","format":"standard","meta":{"footnotes":""},"categories":[8,21],"tags":[],"class_list":["post-6475","post","type-post","status-publish","format-standard","has-post-thumbnail","hentry","category-destaque","category-saude"],"_links":{"self":[{"href":"https:\/\/www.corumbaonline.com.br\/news\/wp-json\/wp\/v2\/posts\/6475","targetHints":{"allow":["GET"]}}],"collection":[{"href":"https:\/\/www.corumbaonline.com.br\/news\/wp-json\/wp\/v2\/posts"}],"about":[{"href":"https:\/\/www.corumbaonline.com.br\/news\/wp-json\/wp\/v2\/types\/post"}],"author":[{"embeddable":true,"href":"https:\/\/www.corumbaonline.com.br\/news\/wp-json\/wp\/v2\/users\/1"}],"replies":[{"embeddable":true,"href":"https:\/\/www.corumbaonline.com.br\/news\/wp-json\/wp\/v2\/comments?post=6475"}],"version-history":[{"count":1,"href":"https:\/\/www.corumbaonline.com.br\/news\/wp-json\/wp\/v2\/posts\/6475\/revisions"}],"predecessor-version":[{"id":6477,"href":"https:\/\/www.corumbaonline.com.br\/news\/wp-json\/wp\/v2\/posts\/6475\/revisions\/6477"}],"wp:featuredmedia":[{"embeddable":true,"href":"https:\/\/www.corumbaonline.com.br\/news\/wp-json\/wp\/v2\/media\/6476"}],"wp:attachment":[{"href":"https:\/\/www.corumbaonline.com.br\/news\/wp-json\/wp\/v2\/media?parent=6475"}],"wp:term":[{"taxonomy":"category","embeddable":true,"href":"https:\/\/www.corumbaonline.com.br\/news\/wp-json\/wp\/v2\/categories?post=6475"},{"taxonomy":"post_tag","embeddable":true,"href":"https:\/\/www.corumbaonline.com.br\/news\/wp-json\/wp\/v2\/tags?post=6475"}],"curies":[{"name":"wp","href":"https:\/\/api.w.org\/{rel}","templated":true}]}}