{"id":6494,"date":"2017-07-07T09:05:18","date_gmt":"2017-07-07T13:05:18","guid":{"rendered":"http:\/\/www.corumbaonline.com.br\/news\/?p=6494"},"modified":"2017-07-07T09:28:51","modified_gmt":"2017-07-07T13:28:51","slug":"longen-apresenta-hoje-a-noite-projeto-industria-sem-fronteiras-a-empresarios-de-ponta-pora-e-pedro-juan-caballero","status":"publish","type":"post","link":"https:\/\/www.corumbaonline.com.br\/news\/longen-apresenta-hoje-a-noite-projeto-industria-sem-fronteiras-a-empresarios-de-ponta-pora-e-pedro-juan-caballero\/","title":{"rendered":"Longen apresenta hoje \u00e0 noite Projeto Ind\u00fastria Sem Fronteiras a empres\u00e1rios de Ponta Por\u00e3 e Pedro Juan Caballero"},"content":{"rendered":"<p>O presidente da Fiems, S\u00e9rgio Longen, apresentar, nesta sexta-feira (07), a partir das 19h30, na Associa\u00e7\u00e3o Comercial e Empresarial de Ponta Por\u00e3, o projeto Ind\u00fastria Sem Fronteiras aos empres\u00e1rios de Ponta Por\u00e3 (MS) e Pedro Juan Caballero (PY), durante o evento \u201cPonta Por\u00e3 &#8211; Fronteira de Oportunidades\u201d. Promovido pela Prefeitura de Ponta Por\u00e3, Associa\u00e7\u00e3o Comercial e Empresarial de Ponta Por\u00e3 e C\u00e1mara de Industria, Comercio y Turismo de Pedro Juan Caballero, o evento vai tratar das possibilidades de desenvolvimento econ\u00f4mico e gera\u00e7\u00e3o de empregos na regi\u00e3o de fronteira entre Mato Grosso do Sul e Paraguai.<\/p>\n<p>&nbsp;<\/p>\n<p>O Ind\u00fastria Sem Fronteiras foi lan\u00e7ado em mar\u00e7o deste ano pela Fiems com o objetivo de fomentar e atrair empreendimentos e investimentos para as cidades fronteiri\u00e7as do Estado por meio da divulga\u00e7\u00e3o e orienta\u00e7\u00f5es aos empres\u00e1rios de todo o Brasil sobre as vantagens competitivas obtidas ao instalar uma empresa na regi\u00e3o. A Fiems apresenta ao empres\u00e1rio mecanismos como o Programa Fomentar Fronteiras, criado pelo Decreto Estadual n\u00ba 14.090\/2014, e a Lei de Maquila, que preveem a isen\u00e7\u00e3o de impostos.<\/p>\n<p>&nbsp;<\/p>\n<p>Ao mesmo tempo, distribui para empres\u00e1rios de todo o Pa\u00eds um guia que demonstra a infraestrutura dos munic\u00edpios fronteiri\u00e7os do Estado, como a log\u00edstica de transportes, custo da energia e \u00e1gua, m\u00e3o de obra e, ainda, locais adequados para instala\u00e7\u00e3o de um empreendimento. Al\u00e9m do Ind\u00fastria Sem Fronteiras, o evento abordar\u00e1 ainda a instala\u00e7\u00e3o do Parque Tecnol\u00f3gico Internacional (PTin), implanta\u00e7\u00e3o da Incubadora Tecnol\u00f3gica e estrat\u00e9gias de qualifica\u00e7\u00e3o profissional e ter\u00e1 as participa\u00e7\u00f5es de representantes do Governo do Estado, Famasul, UFGD (Universidade Federal da Grande Dourados) e entidades parceiras.<\/p>\n","protected":false},"excerpt":{"rendered":"<p>O presidente da Fiems, S\u00e9rgio Longen, apresentar, nesta sexta-feira (07), a partir das 19h30, na&#8230;<\/p>\n","protected":false},"author":1,"featured_media":0,"comment_status":"closed","ping_status":"closed","sticky":false,"template":"","format":"standard","meta":{"footnotes":""},"categories":[9],"tags":[],"class_list":["post-6494","post","type-post","status-publish","format-standard","hentry","category-economia"],"_links":{"self":[{"href":"https:\/\/www.corumbaonline.com.br\/news\/wp-json\/wp\/v2\/posts\/6494","targetHints":{"allow":["GET"]}}],"collection":[{"href":"https:\/\/www.corumbaonline.com.br\/news\/wp-json\/wp\/v2\/posts"}],"about":[{"href":"https:\/\/www.corumbaonline.com.br\/news\/wp-json\/wp\/v2\/types\/post"}],"author":[{"embeddable":true,"href":"https:\/\/www.corumbaonline.com.br\/news\/wp-json\/wp\/v2\/users\/1"}],"replies":[{"embeddable":true,"href":"https:\/\/www.corumbaonline.com.br\/news\/wp-json\/wp\/v2\/comments?post=6494"}],"version-history":[{"count":1,"href":"https:\/\/www.corumbaonline.com.br\/news\/wp-json\/wp\/v2\/posts\/6494\/revisions"}],"predecessor-version":[{"id":6495,"href":"https:\/\/www.corumbaonline.com.br\/news\/wp-json\/wp\/v2\/posts\/6494\/revisions\/6495"}],"wp:attachment":[{"href":"https:\/\/www.corumbaonline.com.br\/news\/wp-json\/wp\/v2\/media?parent=6494"}],"wp:term":[{"taxonomy":"category","embeddable":true,"href":"https:\/\/www.corumbaonline.com.br\/news\/wp-json\/wp\/v2\/categories?post=6494"},{"taxonomy":"post_tag","embeddable":true,"href":"https:\/\/www.corumbaonline.com.br\/news\/wp-json\/wp\/v2\/tags?post=6494"}],"curies":[{"name":"wp","href":"https:\/\/api.w.org\/{rel}","templated":true}]}}