{"id":6562,"date":"2017-07-07T17:00:48","date_gmt":"2017-07-07T21:00:48","guid":{"rendered":"http:\/\/www.corumbaonline.com.br\/news\/?p=6562"},"modified":"2017-07-07T16:35:28","modified_gmt":"2017-07-07T20:35:28","slug":"inscricoes-para-o-fies-no-segundo-semestre-comecam-dia-25-de-julho","status":"publish","type":"post","link":"https:\/\/www.corumbaonline.com.br\/news\/inscricoes-para-o-fies-no-segundo-semestre-comecam-dia-25-de-julho\/","title":{"rendered":"Inscri\u00e7\u00f5es para o Fies no segundo semestre come\u00e7am dia 25 de julho"},"content":{"rendered":"<p>Os alunos que quiserem financiar a mensalidade em universidades privadas por meio do Fundo de Financiamento Estudantil (Fies) dever\u00e3o se inscrever entre os dias 25 e 28 de julho, pela\u00a0<a href=\"http:\/\/fiesselecao.mec.gov.br\/\" target=\"_blank\" rel=\"noopener noreferrer\">p\u00e1gina eletr\u00f4nica do programa<\/a>. No segundo semestre deste ano ser\u00e3o oferecidas 75 mil novas vagas. A portaria que normatiza o processo seletivo foi publicada no\u00a0<em>Di\u00e1rio Oficial da Uni\u00e3o<\/em>\u00a0de hoje (7).<\/p>\n<p>Os estudantes poder\u00e3o consultar as vagas a partir do dia 24 de julho, quando ser\u00e1 publicado o edital do processo seletivo. O resultado dos candidatos pr\u00e9-selecionados para o segundo semestre de 2017 e a abertura da lista de espera est\u00e3o previstos para 31 de julho.<\/p>\n<p>Apesar das\u00a0<a href=\"http:\/\/agenciabrasil.ebc.com.br\/educacao\/noticia\/2017-07\/emprestimos-do-fies-serao-pagos-com-desconto-direto-no-salario-dos\" target=\"_blank\" rel=\"noopener noreferrer\">mudan\u00e7as anunciadas ontem<\/a>\u00a0pelo governo no Fies para 2018, neste semestre continuam valendo as regras atuais. Poder\u00e3o participar da sele\u00e7\u00e3o os candidatos que tenham participado de alguma edi\u00e7\u00e3o do Exame Nacional do Ensino M\u00e9dio (Enem) desde 2010 e obtido nota igual ou superior a 450 pontos, al\u00e9m de n\u00e3o ter zerado a reda\u00e7\u00e3o. Tamb\u00e9m \u00e9 necess\u00e1rio comprovar renda familiar mensal bruta\u00a0<em>per capita<\/em>\u00a0de at\u00e9 tr\u00eas sal\u00e1rios m\u00ednimos.<\/p>\n<p>As mantenedoras de institui\u00e7\u00f5es de educa\u00e7\u00e3o superior interessadas em participar do processo seletivo do Fies referente ao segundo semestre de 2017 dever\u00e3o assinar o termo de participa\u00e7\u00e3o at\u00e9 o dia 14 de julho. No documento dever\u00e1 constar a proposta de oferta de vagas.<\/p>\n","protected":false},"excerpt":{"rendered":"<p>Os alunos que quiserem financiar a mensalidade em universidades privadas por meio do Fundo de&#8230;<\/p>\n","protected":false},"author":1,"featured_media":0,"comment_status":"closed","ping_status":"closed","sticky":false,"template":"","format":"standard","meta":{"footnotes":""},"categories":[10],"tags":[],"class_list":["post-6562","post","type-post","status-publish","format-standard","hentry","category-educacao"],"_links":{"self":[{"href":"https:\/\/www.corumbaonline.com.br\/news\/wp-json\/wp\/v2\/posts\/6562","targetHints":{"allow":["GET"]}}],"collection":[{"href":"https:\/\/www.corumbaonline.com.br\/news\/wp-json\/wp\/v2\/posts"}],"about":[{"href":"https:\/\/www.corumbaonline.com.br\/news\/wp-json\/wp\/v2\/types\/post"}],"author":[{"embeddable":true,"href":"https:\/\/www.corumbaonline.com.br\/news\/wp-json\/wp\/v2\/users\/1"}],"replies":[{"embeddable":true,"href":"https:\/\/www.corumbaonline.com.br\/news\/wp-json\/wp\/v2\/comments?post=6562"}],"version-history":[{"count":1,"href":"https:\/\/www.corumbaonline.com.br\/news\/wp-json\/wp\/v2\/posts\/6562\/revisions"}],"predecessor-version":[{"id":6563,"href":"https:\/\/www.corumbaonline.com.br\/news\/wp-json\/wp\/v2\/posts\/6562\/revisions\/6563"}],"wp:attachment":[{"href":"https:\/\/www.corumbaonline.com.br\/news\/wp-json\/wp\/v2\/media?parent=6562"}],"wp:term":[{"taxonomy":"category","embeddable":true,"href":"https:\/\/www.corumbaonline.com.br\/news\/wp-json\/wp\/v2\/categories?post=6562"},{"taxonomy":"post_tag","embeddable":true,"href":"https:\/\/www.corumbaonline.com.br\/news\/wp-json\/wp\/v2\/tags?post=6562"}],"curies":[{"name":"wp","href":"https:\/\/api.w.org\/{rel}","templated":true}]}}