{"id":6677,"date":"2017-07-12T14:00:29","date_gmt":"2017-07-12T18:00:29","guid":{"rendered":"http:\/\/www.corumbaonline.com.br\/news\/?p=6677"},"modified":"2017-07-12T13:45:54","modified_gmt":"2017-07-12T17:45:54","slug":"prefeitura-da-sequencia-a-acao-saude-em-dia-no-sabado-dia-15","status":"publish","type":"post","link":"https:\/\/www.corumbaonline.com.br\/news\/prefeitura-da-sequencia-a-acao-saude-em-dia-no-sabado-dia-15\/","title":{"rendered":"Prefeitura d\u00e1 sequ\u00eancia \u00e0 a\u00e7\u00e3o Sa\u00fade em Dia no s\u00e1bado, dia 15"},"content":{"rendered":"<p>A Prefeitura de Corumb\u00e1 d\u00e1 sequ\u00eancia \u00e0 a\u00e7\u00e3o \u2018Sa\u00fade em Dia\u2019 neste s\u00e1bado, 15 de julho. As atividades ser\u00e3o na Escola Dom Bosco, das 08h \u00e0s 14 horas. Desta vez, os servi\u00e7os oferecidos pela Secretaria Municipal de Sa\u00fade v\u00e3o contemplar moradores dos bairros Dom Bosco, Cervejaria, Arthur Marinho, Generoso, Centro, Aeroporto, Nossa Senhora de F\u00e1tima e Borrowski \u2013 Centro. A finalidade \u00e9 reduzir a demanda reprimida de exames e consultas m\u00e9dicas especializadas.<\/p>\n<p>&nbsp;<\/p>\n<p>Assim como a a\u00e7\u00e3o realizada no dia 08 deste m\u00eas, ser\u00e3o oferecidas consultas com cl\u00ednico-geral e pediatra, realizadas aferi\u00e7\u00e3o de press\u00e3o arterial e glicemia capilar e feitas orienta\u00e7\u00f5es sobre preven\u00e7\u00e3o de doen\u00e7as, de gravidez na adolesc\u00eancia e sobre planejamento familiar. Haver\u00e1 ainda distribui\u00e7\u00e3o de preservativos, vacina\u00e7\u00e3o e entrega de rem\u00e9dios b\u00e1sicos. Pesagem de benefici\u00e1rios do Bolsa Fam\u00edlia, palestra educativa sobre o meio ambiente e orienta\u00e7\u00e3o sobre acidentes no tr\u00e2nsito ser\u00e3o tamb\u00e9m realizadas.<\/p>\n<p>&nbsp;<\/p>\n<p>Na a\u00e7\u00e3o, a Ger\u00eancia de Sa\u00fade Bucal far\u00e1 triagem e agendamento de consulta para in\u00edcio do tratamento dos pacientes que est\u00e3o na lista de espera de tratamento de canal ou que j\u00e1 possuem encaminhamentos. Quem estiver nessa lista dever\u00e1 comparecer portando cart\u00e3o do SUS e documento com foto. Tamb\u00e9m ser\u00e3o oferecidas orienta\u00e7\u00f5es sobre higiene bucal e atividades educativas em sa\u00fade bucal para crian\u00e7as at\u00e9 12 anos.<\/p>\n<p>&nbsp;<\/p>\n<p>Com o projeto, estima-se que mensalmente sejam realizados 800 atendimentos a mais da quantidade feita normalmente pelo Munic\u00edpio, no total de 1.600 no per\u00edodo de dois meses de a\u00e7\u00e3o. Ser\u00e3o feitas ultrassonografias de abd\u00f4men total, rins e vias urin\u00e1rias, pr\u00f3stata, mamas, bolsa escrotal, ultrassom p\u00e9lvico e transvaginal. O Eco Doppler MMII unilateral ser\u00e1 realizado na Santa Casa de Corumb\u00e1, enquanto consultas cardiol\u00f3gicas, oftalmol\u00f3gicas ser\u00e3o realizadas no Centro de Atendimento de Especialidade em Sa\u00fade. Normalmente, por m\u00eas, s\u00e3o feitos 1.595 exames, ou seja, com o projeto Sa\u00fade em Dia, haver\u00e1 acr\u00e9scimo da realiza\u00e7\u00e3o de mais de 50%.<\/p>\n<p>&nbsp;<\/p>\n<p>Sess\u00f5es de gin\u00e1stica, torneio, jogos, oficinas, apresenta\u00e7\u00e3o de dan\u00e7as, orienta\u00e7\u00f5es sobre a import\u00e2ncia da pr\u00e1tica esportiva na melhoria da qualidade de vida, recrea\u00e7\u00e3o em pula-pula infantil e massagem expressa ser\u00e3o oferecidos.<\/p>\n<p>&nbsp;<\/p>\n<p>O \u2018Sa\u00fade em Dia\u2019 executa a\u00e7\u00f5es em tr\u00eas etapas. A primeira corresponde \u00e0 remarca\u00e7\u00e3o e agendamento antecipando as demandas dos pacientes j\u00e1 agendados com tempo de espera m\u00e9dio de at\u00e9 cinco meses. A segunda etapa \u00e9 a execu\u00e7\u00e3o das demandas em hor\u00e1rios diferenciados aos agendamentos de rotina dos servi\u00e7os especializados. A terceira fase conta com atendimentos dos m\u00e9dicos para avalia\u00e7\u00e3o do resultado dos exames e encaminhamento para novo fluxo de atendimento, de acordo com a necessidade do paciente.<\/p>\n<p>&nbsp;<\/p>\n<p>No dia 22 de julho, a a\u00e7\u00e3o ser\u00e1 na pra\u00e7a CEU e vai contemplar com remarca\u00e7\u00e3o de exames moradores do Loteamento Pantanal \u2013\u00a0 Guan\u00e3, Guat\u00f3s \u2013 Guaicurus, Jo\u00e3o de Deus \u2013 Guarani, Jardim dos Estados, Popular Nova \u2013 Nossa Senhora de F\u00e1tima, Nova Corumb\u00e1 \u2013 Guanabara \u2013 Primavera.<\/p>\n<p>&nbsp;<\/p>\n<p><strong>Primeira a\u00e7\u00e3o<\/strong><\/p>\n<p>&nbsp;<\/p>\n<p>Na primeira a\u00e7\u00e3o \u2018Sa\u00fade em Dia\u2019, realizada no dia 08 de julho, no Centro Popular de Cultura, Esporte e Lazer \u201cNa\u00e7\u00e3o Guat\u00f3\u201d, a Secretaria Municipal de Sa\u00fade atingiu o objetivo proposto para o come\u00e7o do projeto. Os servi\u00e7os foram oferecidos para moradores dos bairros Universit\u00e1rio, Previsul &#8211; Camalote, Centro Am\u00e9rica, Cravo Vermelho I e II, Cristo Redentor, Popular Velha, Maria Leite e conjunto Padre Ernesto Sassida.<\/p>\n<p>&nbsp;<\/p>\n<p>Foram 87 remarca\u00e7\u00f5es de exames; 28 atendimentos cl\u00ednicos; 27 atendimentos de consultas pedi\u00e1tricas. Odontologia registrou 50 atendimentos em sa\u00fade bucal, que inclui atividades educativas, escova\u00e7\u00e3o e triagem de endodontia.<\/p>\n<p>&nbsp;<\/p>\n<p>Os estandes de informa\u00e7\u00f5es registraram m\u00e9dia de 250 pessoas em busca de orienta\u00e7\u00f5es de sa\u00fade, atendimento do psicossocial, planejamento familiar, vigil\u00e2ncia ambiental e epidemiol\u00f3gica. Foram feitas 16 vacinas, distribu\u00eddos 285 preservativos masculinos e 30 femininos, 300 unidades de gel lubrificante e 28 atendimento de massoterapia. A Sa\u00fade registrou a realiza\u00e7\u00e3o de um exame ultrassom na ter\u00e7a-feira, dia 11 de julho, que estava agendado para realiza\u00e7\u00e3o em janeiro de 2018.<\/p>\n","protected":false},"excerpt":{"rendered":"<p>A Prefeitura de Corumb\u00e1 d\u00e1 sequ\u00eancia \u00e0 a\u00e7\u00e3o \u2018Sa\u00fade em Dia\u2019 neste s\u00e1bado, 15 de&#8230;<\/p>\n","protected":false},"author":1,"featured_media":6709,"comment_status":"closed","ping_status":"closed","sticky":false,"template":"","format":"standard","meta":{"footnotes":""},"categories":[8,21],"tags":[],"class_list":["post-6677","post","type-post","status-publish","format-standard","has-post-thumbnail","hentry","category-destaque","category-saude"],"_links":{"self":[{"href":"https:\/\/www.corumbaonline.com.br\/news\/wp-json\/wp\/v2\/posts\/6677","targetHints":{"allow":["GET"]}}],"collection":[{"href":"https:\/\/www.corumbaonline.com.br\/news\/wp-json\/wp\/v2\/posts"}],"about":[{"href":"https:\/\/www.corumbaonline.com.br\/news\/wp-json\/wp\/v2\/types\/post"}],"author":[{"embeddable":true,"href":"https:\/\/www.corumbaonline.com.br\/news\/wp-json\/wp\/v2\/users\/1"}],"replies":[{"embeddable":true,"href":"https:\/\/www.corumbaonline.com.br\/news\/wp-json\/wp\/v2\/comments?post=6677"}],"version-history":[{"count":1,"href":"https:\/\/www.corumbaonline.com.br\/news\/wp-json\/wp\/v2\/posts\/6677\/revisions"}],"predecessor-version":[{"id":6710,"href":"https:\/\/www.corumbaonline.com.br\/news\/wp-json\/wp\/v2\/posts\/6677\/revisions\/6710"}],"wp:featuredmedia":[{"embeddable":true,"href":"https:\/\/www.corumbaonline.com.br\/news\/wp-json\/wp\/v2\/media\/6709"}],"wp:attachment":[{"href":"https:\/\/www.corumbaonline.com.br\/news\/wp-json\/wp\/v2\/media?parent=6677"}],"wp:term":[{"taxonomy":"category","embeddable":true,"href":"https:\/\/www.corumbaonline.com.br\/news\/wp-json\/wp\/v2\/categories?post=6677"},{"taxonomy":"post_tag","embeddable":true,"href":"https:\/\/www.corumbaonline.com.br\/news\/wp-json\/wp\/v2\/tags?post=6677"}],"curies":[{"name":"wp","href":"https:\/\/api.w.org\/{rel}","templated":true}]}}