{"id":6711,"date":"2017-07-12T14:30:39","date_gmt":"2017-07-12T18:30:39","guid":{"rendered":"http:\/\/www.corumbaonline.com.br\/news\/?p=6711"},"modified":"2017-07-12T15:11:56","modified_gmt":"2017-07-12T19:11:56","slug":"moro-condena-lula-a-nove-anos-e-seis-meses-de-prisao-no-caso-triplex","status":"publish","type":"post","link":"https:\/\/www.corumbaonline.com.br\/news\/moro-condena-lula-a-nove-anos-e-seis-meses-de-prisao-no-caso-triplex\/","title":{"rendered":"Moro condena Lula a nove anos e seis meses de pris\u00e3o no caso triplex"},"content":{"rendered":"<p>O juiz federal Sergio Moro, respons\u00e1vel pela Opera\u00e7\u00e3o Lava Jato na primeira inst\u00e2ncia, condenou nesta quarta-feira (12) o ex-presidente Luiz In\u00e1cio Lula da Silva a nove anos e seis meses de pris\u00e3o por corrup\u00e7\u00e3o passiva e lavagem de dinheiro. A condena\u00e7\u00e3o \u00e9 relativa ao processo que investigou a compra e a reforma de um apartamento triplex em Guaruj\u00e1, no litoral de S\u00e3o Paulo. A senten\u00e7a, divulgada hoje (12), prev\u00ea que Lula poder\u00e1 recorrer da decis\u00e3o em liberdade.<\/p>\n<p>Na decis\u00e3o, Moro afirma que as reformas executadas no apartamento pela empresa OAS provam que o im\u00f3vel era destinado ao ex-presidente.<\/p>\n<p>\u201cNem \u00e9 necess\u00e1rio, por outro lado, depoimento de testemunhas para se concluir que reformas, como as descritas, n\u00e3o s\u00e3o, em sua maioria, reformas gerais destinadas a incrementar o valor do imovel, mas sim reformas dirigidas a atender um cliente espec\u00edfico e que, servindo aos desejos do cliente, s\u00f3 fazem sentido, quando este cliente \u00e9 o propriet\u00e1rio do im\u00f3vel.<\/p>\n<p>Segundo Moro, ficou provado nos autos que o presidente Lula e sua esposa eram os propriet\u00e1rios de fato do apartamento.<\/p>\n<p>No despacho, o juiz S\u00e9rgio Moro diz que \u201cas provas materiais permitem concluir que n\u00e3o houve qualquer desist\u00eancia em fevereiro de 2014 ou mesmo em agosto de 2014. A reforma do apartamento 164-A, triplex, perdurou todo o ano de 2014, inclusive com v\u00e1rios atos executados e mesmo contratados ap\u00f3s agosto de 2014.\u201d<\/p>\n<p>No despacho, Moro tamb\u00e9m destacou a influ\u00eancia do ex-presidente nas nomea\u00e7\u00f5es da Petrobras. \u201cO ex-presidente Luiz In\u00e1cio Lula da Silva tinha um papel relevante no esquema criminoso, pois cabia a ele indicar os nomes dos diretores ao Conselho de Administra\u00e7\u00e3o da Petrobras e a palavra do governo federal era atendida. Ele, ali\u00e1s, admitiu em seu interrogat\u00f3rio, que era o respons\u00e1vel por dar a \u00faltima palavra sobre as indica\u00e7\u00f5es.\u201d<\/p>\n<p><strong>OAS<\/strong><\/p>\n<p>O ex-presidente da OAS\u00a0 Jos\u00e9 Aldem\u00e1rio Pinheiro Filho conhecido como Leo Pinheiro, tamb\u00e9m foi condenado no caso, mas por corrup\u00e7\u00e3o ativa e lavagem de dinheiro. A senten\u00e7a prev\u00ea 10 anos e 8 meses de reclus\u00e3o para o empres\u00e1rio, mas sua pena foi reduzida devido ao fato ter fechado acordo de dela\u00e7\u00e3o com a Justi\u00e7a.<\/p>\n<p>Na senten\u00e7a, o juiz absolveu Lula e L\u00e9o Pinheiro das acusa\u00e7\u00f5es de corrup\u00e7\u00e3o e lavagem de dinheiro no caso do transporte e armazenamento do acervo presidencial por falta de provas.<\/p>\n<p>Moro absorveu por falta de prova, Paulo Roberto Valente Gordilho, Roberto Moreira Ferreira e Fabio Yomamime.<\/p>\n<p>Lula responde a cinco processos na Lava Jato. Nesta semana, o Minist\u00e9rio P\u00fablico pediu a absolvi\u00e7\u00e3o do ex-presidente em um dos prpocessos, relativo a uma investiga\u00e7\u00e3o da Justi\u00e7a Federal sobre a suposta tentativa de obstru\u00e7\u00e3o da Justi\u00e7a por parte de Lula.<\/p>\n","protected":false},"excerpt":{"rendered":"<p>O juiz federal Sergio Moro, respons\u00e1vel pela Opera\u00e7\u00e3o Lava Jato na primeira inst\u00e2ncia, condenou nesta&#8230;<\/p>\n","protected":false},"author":1,"featured_media":6712,"comment_status":"closed","ping_status":"closed","sticky":false,"template":"","format":"standard","meta":{"footnotes":""},"categories":[8,19],"tags":[],"class_list":["post-6711","post","type-post","status-publish","format-standard","has-post-thumbnail","hentry","category-destaque","category-politica"],"_links":{"self":[{"href":"https:\/\/www.corumbaonline.com.br\/news\/wp-json\/wp\/v2\/posts\/6711","targetHints":{"allow":["GET"]}}],"collection":[{"href":"https:\/\/www.corumbaonline.com.br\/news\/wp-json\/wp\/v2\/posts"}],"about":[{"href":"https:\/\/www.corumbaonline.com.br\/news\/wp-json\/wp\/v2\/types\/post"}],"author":[{"embeddable":true,"href":"https:\/\/www.corumbaonline.com.br\/news\/wp-json\/wp\/v2\/users\/1"}],"replies":[{"embeddable":true,"href":"https:\/\/www.corumbaonline.com.br\/news\/wp-json\/wp\/v2\/comments?post=6711"}],"version-history":[{"count":1,"href":"https:\/\/www.corumbaonline.com.br\/news\/wp-json\/wp\/v2\/posts\/6711\/revisions"}],"predecessor-version":[{"id":6713,"href":"https:\/\/www.corumbaonline.com.br\/news\/wp-json\/wp\/v2\/posts\/6711\/revisions\/6713"}],"wp:featuredmedia":[{"embeddable":true,"href":"https:\/\/www.corumbaonline.com.br\/news\/wp-json\/wp\/v2\/media\/6712"}],"wp:attachment":[{"href":"https:\/\/www.corumbaonline.com.br\/news\/wp-json\/wp\/v2\/media?parent=6711"}],"wp:term":[{"taxonomy":"category","embeddable":true,"href":"https:\/\/www.corumbaonline.com.br\/news\/wp-json\/wp\/v2\/categories?post=6711"},{"taxonomy":"post_tag","embeddable":true,"href":"https:\/\/www.corumbaonline.com.br\/news\/wp-json\/wp\/v2\/tags?post=6711"}],"curies":[{"name":"wp","href":"https:\/\/api.w.org\/{rel}","templated":true}]}}