{"id":6733,"date":"2017-07-13T09:00:58","date_gmt":"2017-07-13T13:00:58","guid":{"rendered":"http:\/\/www.corumbaonline.com.br\/news\/?p=6733"},"modified":"2017-07-13T09:41:52","modified_gmt":"2017-07-13T13:41:52","slug":"regioes-do-amolar-e-barra-do-sao-lourenco-recebem-equipe-do-povo-das-aguas","status":"publish","type":"post","link":"https:\/\/www.corumbaonline.com.br\/news\/regioes-do-amolar-e-barra-do-sao-lourenco-recebem-equipe-do-povo-das-aguas\/","title":{"rendered":"Regi\u00f5es do Amolar e Barra do S\u00e3o Louren\u00e7o recebem equipe do Povo das \u00c1guas"},"content":{"rendered":"<p>Regi\u00e3o do Amolar e Barra do S\u00e3o Louren\u00e7o recebe atendimento do Programa Social Povo das \u00c1guas na manh\u00e3 desta quinta-feira, 13 de julho. Os servi\u00e7os realizados pelos servidores da Prefeitura Municipal de Corumb\u00e1 ocorrem hoje das 08h \u00e0s 13 horas, na Escola Municipal Rural de Educa\u00e7\u00e3o Integral Polo S\u00e3o Louren\u00e7o e Extens\u00f5es. A segunda a\u00e7\u00e3o do programa este ano ser\u00e1 encerrada no s\u00e1bado, 15 de julho.<\/p>\n<p>&nbsp;<\/p>\n<p>Durante essa semana, a equipe multidisciplinar est\u00e1 realizando atividades m\u00e9dicas, odontol\u00f3gicas e de enfermagem, al\u00e9m de vacina\u00e7\u00e3o. Entrega de medicamentos, coleta de material para exame preventivo, palestras e orienta\u00e7\u00f5es sobre educa\u00e7\u00e3o em sa\u00fade e preenchimento da Planilha do SisVan (Sistema de Vigil\u00e2ncia Alimentar e Nutricional) tamb\u00e9m est\u00e3o sendo feitas. C\u00e3es e gatos da regi\u00e3o est\u00e3o sendo imunizados contra raiva. Fam\u00edlias s\u00e3o cadastradas por meio do CRAS itinerante no Programa de Aten\u00e7\u00e3o Integral \u00e0 Fam\u00edlia e est\u00e1 sendo feito levantamento de necessidades desses moradores. Palestras tamb\u00e9m est\u00e3o sendo promovidas. Alimentos do Programa de Aquisi\u00e7\u00e3o de Alimentos (PAA) est\u00e3o sendo distribu\u00eddos, al\u00e9m de agasalhos.<\/p>\n<p>&nbsp;<\/p>\n<p>Na primeira edi\u00e7\u00e3o do programa, Ros\u00e2ngela da Silva Soares, moradora de um s\u00edtio na regi\u00e3o do Lim\u00e3ozinho, no Taquari, foi uma das beneficiadas com os atendimentos. \u201cEstava com saudades do Povo das \u00c1guas. Gosto de tudo. Atendimento para c\u00e1 \u00e9 dif\u00edcil, n\u00e3o tem m\u00e9dico aqui e n\u00e3o tenho condu\u00e7\u00e3o. Para ir para Corumb\u00e1 preciso pegar uma lancha e se tiver que pagar, sair por duzentos reais. A ida e volta d\u00e1 quatrocentos reais. Quando vem o atendimento para c\u00e1 com o Povo das \u00c1guas ajuda bastante. Gostei das palestras, n\u00e3o d\u00e3o orienta\u00e7\u00e3o e alertas\u201d, disse a moradora.<\/p>\n<p>&nbsp;<\/p>\n<p>A a\u00e7\u00e3o desta semana ocorre no pantanal norte, na parte alta do Rio Paraguai e Rio S\u00e3o Louren\u00e7o. Os servidores p\u00fablicos j\u00e1 passaram pelas regi\u00f5es Domingos Ramos, Castelo, Ilha Verde, Paraguai Mirim, S\u00e3o Francisco, Mato Grande, Bonfim, Porto S\u00e3o Pedro e Chan\u00e9. Amanh\u00e3, estar\u00e3o no Porto Mangueiral e no Porto Novo Horizonte, regi\u00e3o do Rio S\u00e3o Louren\u00e7o. No s\u00e1bado, v\u00e3o estar nas regi\u00f5es do Tuiui\u00fa, Piuval e Capim Gordura.<\/p>\n","protected":false},"excerpt":{"rendered":"<p>Regi\u00e3o do Amolar e Barra do S\u00e3o Louren\u00e7o recebe atendimento do Programa Social Povo das&#8230;<\/p>\n","protected":false},"author":1,"featured_media":6734,"comment_status":"closed","ping_status":"closed","sticky":false,"template":"","format":"standard","meta":{"footnotes":""},"categories":[8,21],"tags":[],"class_list":["post-6733","post","type-post","status-publish","format-standard","has-post-thumbnail","hentry","category-destaque","category-saude"],"_links":{"self":[{"href":"https:\/\/www.corumbaonline.com.br\/news\/wp-json\/wp\/v2\/posts\/6733","targetHints":{"allow":["GET"]}}],"collection":[{"href":"https:\/\/www.corumbaonline.com.br\/news\/wp-json\/wp\/v2\/posts"}],"about":[{"href":"https:\/\/www.corumbaonline.com.br\/news\/wp-json\/wp\/v2\/types\/post"}],"author":[{"embeddable":true,"href":"https:\/\/www.corumbaonline.com.br\/news\/wp-json\/wp\/v2\/users\/1"}],"replies":[{"embeddable":true,"href":"https:\/\/www.corumbaonline.com.br\/news\/wp-json\/wp\/v2\/comments?post=6733"}],"version-history":[{"count":1,"href":"https:\/\/www.corumbaonline.com.br\/news\/wp-json\/wp\/v2\/posts\/6733\/revisions"}],"predecessor-version":[{"id":6735,"href":"https:\/\/www.corumbaonline.com.br\/news\/wp-json\/wp\/v2\/posts\/6733\/revisions\/6735"}],"wp:featuredmedia":[{"embeddable":true,"href":"https:\/\/www.corumbaonline.com.br\/news\/wp-json\/wp\/v2\/media\/6734"}],"wp:attachment":[{"href":"https:\/\/www.corumbaonline.com.br\/news\/wp-json\/wp\/v2\/media?parent=6733"}],"wp:term":[{"taxonomy":"category","embeddable":true,"href":"https:\/\/www.corumbaonline.com.br\/news\/wp-json\/wp\/v2\/categories?post=6733"},{"taxonomy":"post_tag","embeddable":true,"href":"https:\/\/www.corumbaonline.com.br\/news\/wp-json\/wp\/v2\/tags?post=6733"}],"curies":[{"name":"wp","href":"https:\/\/api.w.org\/{rel}","templated":true}]}}