{"id":7009,"date":"2017-07-20T08:30:01","date_gmt":"2017-07-20T12:30:01","guid":{"rendered":"http:\/\/www.corumbaonline.com.br\/news\/?p=7009"},"modified":"2017-07-20T08:55:39","modified_gmt":"2017-07-20T12:55:39","slug":"lava-jato-e-imparavel-diz-ministro-da-justica-nos-eua","status":"publish","type":"post","link":"https:\/\/www.corumbaonline.com.br\/news\/lava-jato-e-imparavel-diz-ministro-da-justica-nos-eua\/","title":{"rendered":"Lava Jato \u00e9 \u201cimpar\u00e1vel\u201d, diz ministro da Justi\u00e7a nos EUA"},"content":{"rendered":"<p>O ministro da Justi\u00e7a e Seguran\u00e7a P\u00fablica, Torquato Jardim, disse ontem (19) em Washington, durante uma palestra no Woodrow Wilson Center, que a Opera\u00e7\u00e3o Lava Jato \u00e9 \u201cimpar\u00e1vel\u201d. Numa palestra sobre Independ\u00eancia e Harmonia entre os Poderes, Jardim\u00a0 classificou a opera\u00e7\u00e3o da Pol\u00edcia Federal como \u201cum ganho para a sociedade brasileira\u201d.<\/p>\n<p>O ministro falou sobre as divis\u00f5es de compet\u00eancias e de recursos nos \u00e2mbitos federal e estadual no Brasil e afirmou que, com a atual restri\u00e7\u00e3o fiscal em todos os n\u00edveis do governo, muitas vezes \u00e9 preciso priorizar uma ou outra pol\u00edtica p\u00fablica. Questionado sobre a regulariza\u00e7\u00e3o da emiss\u00e3o de passaportes pela Pol\u00edcia Federal, o ministro disse que isso deve acontecer em breve.<\/p>\n<p>Ontem (18), Jardim se reuniu com o diretor da Ag\u00eancia de \u00c1lcool, Tabaco, Armas de Fogo e Explosivos dos EUA e assinou um acordo de coopera\u00e7\u00e3o para o rastreamento de armas roubadas que entram no Brasil. \u201cCom a pacifica\u00e7\u00e3o da Col\u00f4mbia, armas pesad\u00edssimas roubadas nos Estados Unidos come\u00e7am a entrar no Brasil, e, pela lei americana, eles t\u00eam a obriga\u00e7\u00e3o de tentar encontrar essa arma onde ela estiver no mundo. Faz parte do objetivo maior da nossa viagem buscar tecnologia no \u00e2mbito de seguran\u00e7a p\u00fablica\u201d, afirmou.<\/p>\n<p>O ministro da Justi\u00e7a e Seguran\u00e7a P\u00fablica deve ainda ter reuni\u00f5es na Ag\u00eancia Internacional para Narc\u00f3ticos e Aplica\u00e7\u00e3o da Lei, do Departamento de Estado dos EUA, e com o secret\u00e1rio-geral da Organiza\u00e7\u00e3o dos Estados Americanos (OEA), Luis Almagro, com quem conversar\u00e1 sobre a integra\u00e7\u00e3o com os pa\u00edses que fazem fronteira com o Brasil.<\/p>\n<p>\u201cVamos fazer um convite para que os pa\u00edses membros [da OEA] mandem seus agentes de seguran\u00e7a e policiais especializados no combate a drogas e armas para estudar no Brasil e fazer um treinamento na Pol\u00edcia Federal, que tem uma academia bem instalada e competente, para que haja uma comunh\u00e3o de treinamento\u201d, disse Jardim.<\/p>\n<p>Ele deve se encontrar tamb\u00e9m com o secret\u00e1rio de Justi\u00e7a norte-americano, Jeff Sessions, com quem conversar\u00e1 sobre o tema da integra\u00e7\u00e3o dos \u00f3rg\u00e3os do Minist\u00e9rio da Justi\u00e7a: Pol\u00edcia Federal, Pol\u00edcia Rodovi\u00e1ria Federal, Secretaria Nacional de Seguran\u00e7a P\u00fablica [respons\u00e1vel pela gest\u00e3o da For\u00e7a Nacional], Secretaria Nacional de Pol\u00edticas sobre Drogas e Departamento Penitenci\u00e1rio Nacional. \u201cAntes de pensar em concurso p\u00fablico e em contratar mais funcion\u00e1rios, vamos pensar em integrar a todos\u201d, disse o ministro da Justi\u00e7a.<\/p>\n","protected":false},"excerpt":{"rendered":"<p>O ministro da Justi\u00e7a e Seguran\u00e7a P\u00fablica, Torquato Jardim, disse ontem (19) em Washington, durante&#8230;<\/p>\n","protected":false},"author":1,"featured_media":0,"comment_status":"closed","ping_status":"closed","sticky":false,"template":"","format":"standard","meta":{"footnotes":""},"categories":[15,19],"tags":[],"class_list":["post-7009","post","type-post","status-publish","format-standard","hentry","category-internacional","category-politica"],"_links":{"self":[{"href":"https:\/\/www.corumbaonline.com.br\/news\/wp-json\/wp\/v2\/posts\/7009","targetHints":{"allow":["GET"]}}],"collection":[{"href":"https:\/\/www.corumbaonline.com.br\/news\/wp-json\/wp\/v2\/posts"}],"about":[{"href":"https:\/\/www.corumbaonline.com.br\/news\/wp-json\/wp\/v2\/types\/post"}],"author":[{"embeddable":true,"href":"https:\/\/www.corumbaonline.com.br\/news\/wp-json\/wp\/v2\/users\/1"}],"replies":[{"embeddable":true,"href":"https:\/\/www.corumbaonline.com.br\/news\/wp-json\/wp\/v2\/comments?post=7009"}],"version-history":[{"count":1,"href":"https:\/\/www.corumbaonline.com.br\/news\/wp-json\/wp\/v2\/posts\/7009\/revisions"}],"predecessor-version":[{"id":7010,"href":"https:\/\/www.corumbaonline.com.br\/news\/wp-json\/wp\/v2\/posts\/7009\/revisions\/7010"}],"wp:attachment":[{"href":"https:\/\/www.corumbaonline.com.br\/news\/wp-json\/wp\/v2\/media?parent=7009"}],"wp:term":[{"taxonomy":"category","embeddable":true,"href":"https:\/\/www.corumbaonline.com.br\/news\/wp-json\/wp\/v2\/categories?post=7009"},{"taxonomy":"post_tag","embeddable":true,"href":"https:\/\/www.corumbaonline.com.br\/news\/wp-json\/wp\/v2\/tags?post=7009"}],"curies":[{"name":"wp","href":"https:\/\/api.w.org\/{rel}","templated":true}]}}