{"id":7020,"date":"2017-07-20T09:13:55","date_gmt":"2017-07-20T13:13:55","guid":{"rendered":"http:\/\/www.corumbaonline.com.br\/news\/?p=7020"},"modified":"2017-07-20T09:41:47","modified_gmt":"2017-07-20T13:41:47","slug":"defesa-de-lula-diz-que-decisao-que-bloqueou-contas-do-ex-presidente-e-ilegal","status":"publish","type":"post","link":"https:\/\/www.corumbaonline.com.br\/news\/defesa-de-lula-diz-que-decisao-que-bloqueou-contas-do-ex-presidente-e-ilegal\/","title":{"rendered":"Defesa de Lula diz que decis\u00e3o que bloqueou contas do ex-presidente \u00e9 ilegal"},"content":{"rendered":"<p>A defesa do ex-presidente Luiz In\u00e1cio Lula da Silva considerou &#8220;ilegal&#8221; e &#8220;abusiva&#8221; a\u00a0<a href=\"http:\/\/agenciabrasil.ebc.com.br\/geral\/noticia\/2017-07\/por-decisao-de-moro-banco-central-bloqueia-de-mais-de-r-600-mil-de-lula\" target=\"_blank\" rel=\"noopener noreferrer\">decis\u00e3o do juiz S\u00e9rgio Moro<\/a>, respons\u00e1vel pelos inqu\u00e9ritos da Lava Jato na primeira inst\u00e2ncia, de bloquear R$ 606 mil das contas banc\u00e1rias do petista, al\u00e9m de determinar o sequestro e arresto de tr\u00eas apartamentos, um terreno e dois carros.<\/p>\n<p>Em nota, assinada pelos advogados Cristiano Martins e Valeska Martins, a defesa disse que vai recorrer da decis\u00e3o. &#8220;Somente a prova efetiva de risco de dilapida\u00e7\u00e3o patrimonial poderia justificar a medida cautelar patrimonial. O Minist\u00e9rio P\u00fablico Federal n\u00e3o fez essa prova, mas o ju\u00edzo aceitou o pedido mais uma vez recorrendo a mera cogita\u00e7\u00e3o&#8221;, diz trecho do comunicado.<\/p>\n<p>A defesa do ex-presidente ainda fez cr\u00edticas a Moro, que para os advogados, manteve o pedido e a decis\u00e3o sob sigilo. &#8220;A decis\u00e3o \u00e9 de 14\/07, mas foi mantida em sigilo, sem a possibilidade de acesso pela defesa \u2014 que somente dela tomou conhecimento por meio da imprensa, que mais uma vez teve acesso com primazia \u00e0s decis\u00f5es daquele ju\u00edzo. A iniciativa partiu do Minist\u00e9rio P\u00fablico Federal em 04\/10\/2016 e somente agora foi analisada. Desde ent\u00e3o, o processo tamb\u00e9m foi mantido em sigilo. A defesa ir\u00e1 impugnar a decis\u00e3o&#8221;, disseram os advogados.<\/p>\n<p>O bloqueio, de acordo com os advogados de ex-presidente, prejudicar\u00e1 a subsist\u00eancia de Lula e da familia dele. &#8220;\u00c9 mais uma arbitrariedade dentre tantas outras j\u00e1 cometidas pelo mesmo ju\u00edzo contra o ex-presidente Lula&#8221;.<\/p>\n<p>Em nota, o PT considerou a decis\u00e3o de Moro &#8220;mesquinha&#8221; e que trata-se de uma &#8220;vingan\u00e7a&#8221; conta um inocente. &#8220;Depois de condenar o ex-presidente Lula sem provas, de propagar mentiras e contradizer sua pr\u00f3pria senten\u00e7a, o juiz S\u00e9rgio Moro decidiu agora vinga-se de um inocente. Ao bloquear os bens de Lula, Moro decretou uma pena de asfixia econ\u00f4mica que priva o ex-presidente de sua casa, dos meios para subsistir e at\u00e9 para se defender das falsas acusa\u00e7\u00f5es&#8221;, afirmou o PT.<\/p>\n<p>&#8220;Foi uma decis\u00e3o mesquinha, tramada em segredo ao longo de nove meses com a for\u00e7a-tarefa de Curitiba, e conclu\u00edda ap\u00f3s a forte rea\u00e7\u00e3o da sociedade e do mundo jur\u00eddico \u00e0 senten\u00e7a injusta no caso do tr\u00edplex&#8221;, diz outro trecho da nota divulgada pelo PT.<\/p>\n","protected":false},"excerpt":{"rendered":"<p>A defesa do ex-presidente Luiz In\u00e1cio Lula da Silva considerou &#8220;ilegal&#8221; e &#8220;abusiva&#8221; a\u00a0decis\u00e3o do&#8230;<\/p>\n","protected":false},"author":1,"featured_media":0,"comment_status":"closed","ping_status":"closed","sticky":false,"template":"","format":"standard","meta":{"footnotes":""},"categories":[19],"tags":[],"class_list":["post-7020","post","type-post","status-publish","format-standard","hentry","category-politica"],"_links":{"self":[{"href":"https:\/\/www.corumbaonline.com.br\/news\/wp-json\/wp\/v2\/posts\/7020","targetHints":{"allow":["GET"]}}],"collection":[{"href":"https:\/\/www.corumbaonline.com.br\/news\/wp-json\/wp\/v2\/posts"}],"about":[{"href":"https:\/\/www.corumbaonline.com.br\/news\/wp-json\/wp\/v2\/types\/post"}],"author":[{"embeddable":true,"href":"https:\/\/www.corumbaonline.com.br\/news\/wp-json\/wp\/v2\/users\/1"}],"replies":[{"embeddable":true,"href":"https:\/\/www.corumbaonline.com.br\/news\/wp-json\/wp\/v2\/comments?post=7020"}],"version-history":[{"count":1,"href":"https:\/\/www.corumbaonline.com.br\/news\/wp-json\/wp\/v2\/posts\/7020\/revisions"}],"predecessor-version":[{"id":7021,"href":"https:\/\/www.corumbaonline.com.br\/news\/wp-json\/wp\/v2\/posts\/7020\/revisions\/7021"}],"wp:attachment":[{"href":"https:\/\/www.corumbaonline.com.br\/news\/wp-json\/wp\/v2\/media?parent=7020"}],"wp:term":[{"taxonomy":"category","embeddable":true,"href":"https:\/\/www.corumbaonline.com.br\/news\/wp-json\/wp\/v2\/categories?post=7020"},{"taxonomy":"post_tag","embeddable":true,"href":"https:\/\/www.corumbaonline.com.br\/news\/wp-json\/wp\/v2\/tags?post=7020"}],"curies":[{"name":"wp","href":"https:\/\/api.w.org\/{rel}","templated":true}]}}