{"id":7042,"date":"2017-07-20T11:20:50","date_gmt":"2017-07-20T15:20:50","guid":{"rendered":"http:\/\/www.corumbaonline.com.br\/news\/?p=7042"},"modified":"2017-07-20T11:16:20","modified_gmt":"2017-07-20T15:16:20","slug":"fachin-arquiva-processo-contra-zeca-e-vander-em-delacao-de-monica-moura-e-joao-santana","status":"publish","type":"post","link":"https:\/\/www.corumbaonline.com.br\/news\/fachin-arquiva-processo-contra-zeca-e-vander-em-delacao-de-monica-moura-e-joao-santana\/","title":{"rendered":"Fachin arquiva processo contra Zeca e Vander em dela\u00e7\u00e3o de M\u00f4nica Moura e Jo\u00e3o Santana"},"content":{"rendered":"<p>O ministro do Supremo Tribunal Federal (STF) e relator dos processos da Opera\u00e7\u00e3o Lava-Jato arquivou o processo em que a publicit\u00e1ria M\u00f4nica Moura, esposa do famoso marqueteiro, Jo\u00e3o Santana, citava o ex-governador e hoje deputado Federal Zeca do PT por supostamente ter feito repasses de caixa dois para quitar despesas da campanha municipal de Campo Grande em 2004, quando o deputado federal Vander Loubet (PT-MS) concorreu a prefeitura pelo partido.<\/p>\n<p>O pedido de arquivamento veio em junho pelo Procurador-Geral da Rep\u00fablica, Rodrigo Janot, logo ap\u00f3s o deferimento da dela\u00e7\u00e3o pelo Supremo Tribunal Federal (STF) no final de maio. Fachin acolheu o pedido da PGR e arquivou o processo na semana passada no dia 14 de julho. A decis\u00e3o ainda ser\u00e1 publicada no Di\u00e1rio Oficial ap\u00f3s o recesso forense no in\u00edcio de agosto.<\/p>\n<p>Ap\u00f3s o levantamento do sigilo da dela\u00e7\u00e3o do casal de marqueteiros, Zeca afirmou que nunca autorizou que ningu\u00e9m realizasse qualquer tipo de pagamento aos dois. J\u00e1 Vander garantiu que todos os pagamentos foram realizados dentro da legalidade e contida na presta\u00e7\u00e3o de contas.<\/p>\n<p>\u201cA expectativa era essa, que o processo fosse realmente arquivado. A procuradoria entendendo que n\u00e3o h\u00e1 absolutamente nenhuma prova a respeito da den\u00fancia da Dona M\u00f4nica, esposa do Jo\u00e3o Santana, entendeu de que deveria propor o arquivamento. Sempre tive confian\u00e7a nisso, porque tudo que praticamos, fizemos lisura, com comportamento \u00e9tico. Tenho convic\u00e7\u00e3o de que os outros processos, o da JBS e o da Odebretch tamb\u00e9m caminham para o mesmo caminho pelo Minist\u00e9rio P\u00fablico Federal (MPF), por falta de provas o procurador deve pedir o arquivamento\u201d, opinou Zeca do PT.<\/p>\n","protected":false},"excerpt":{"rendered":"<p>O ministro do Supremo Tribunal Federal (STF) e relator dos processos da Opera\u00e7\u00e3o Lava-Jato arquivou&#8230;<\/p>\n","protected":false},"author":1,"featured_media":0,"comment_status":"closed","ping_status":"closed","sticky":false,"template":"","format":"standard","meta":{"footnotes":""},"categories":[19],"tags":[],"class_list":["post-7042","post","type-post","status-publish","format-standard","hentry","category-politica"],"_links":{"self":[{"href":"https:\/\/www.corumbaonline.com.br\/news\/wp-json\/wp\/v2\/posts\/7042","targetHints":{"allow":["GET"]}}],"collection":[{"href":"https:\/\/www.corumbaonline.com.br\/news\/wp-json\/wp\/v2\/posts"}],"about":[{"href":"https:\/\/www.corumbaonline.com.br\/news\/wp-json\/wp\/v2\/types\/post"}],"author":[{"embeddable":true,"href":"https:\/\/www.corumbaonline.com.br\/news\/wp-json\/wp\/v2\/users\/1"}],"replies":[{"embeddable":true,"href":"https:\/\/www.corumbaonline.com.br\/news\/wp-json\/wp\/v2\/comments?post=7042"}],"version-history":[{"count":1,"href":"https:\/\/www.corumbaonline.com.br\/news\/wp-json\/wp\/v2\/posts\/7042\/revisions"}],"predecessor-version":[{"id":7043,"href":"https:\/\/www.corumbaonline.com.br\/news\/wp-json\/wp\/v2\/posts\/7042\/revisions\/7043"}],"wp:attachment":[{"href":"https:\/\/www.corumbaonline.com.br\/news\/wp-json\/wp\/v2\/media?parent=7042"}],"wp:term":[{"taxonomy":"category","embeddable":true,"href":"https:\/\/www.corumbaonline.com.br\/news\/wp-json\/wp\/v2\/categories?post=7042"},{"taxonomy":"post_tag","embeddable":true,"href":"https:\/\/www.corumbaonline.com.br\/news\/wp-json\/wp\/v2\/tags?post=7042"}],"curies":[{"name":"wp","href":"https:\/\/api.w.org\/{rel}","templated":true}]}}