{"id":7044,"date":"2017-07-20T11:34:51","date_gmt":"2017-07-20T15:34:51","guid":{"rendered":"http:\/\/www.corumbaonline.com.br\/news\/?p=7044"},"modified":"2017-07-20T11:30:39","modified_gmt":"2017-07-20T15:30:39","slug":"sergio-sa-leitao-sera-o-novo-ministro-da-cultura","status":"publish","type":"post","link":"https:\/\/www.corumbaonline.com.br\/news\/sergio-sa-leitao-sera-o-novo-ministro-da-cultura\/","title":{"rendered":"S\u00e9rgio S\u00e1 Leit\u00e3o ser\u00e1 o novo ministro da Cultura"},"content":{"rendered":"<p>O atual diretor da Ag\u00eancia Nacional do Cinema (Ancine), S\u00e9rgio S\u00e1 Leit\u00e3o, \u00e9 o novo ministro da Cultura. O convite para que ele ocupe o cargo foi feito hoje (20) pelo presidente Michel Temer, de acordo com a Secretaria de Comunica\u00e7\u00e3o da Presid\u00eancia da Rep\u00fablica.<\/p>\n<p>Al\u00e9m da passagem pela dire\u00e7\u00e3o da Ancine, para onde teve a indica\u00e7\u00e3o aprovada em abril pelo Senado, Leit\u00e3o ocupou a chefia de gabinete do Minist\u00e9rio da Cultura durante a gest\u00e3o do ex-ministro Gilberto Gil e foi secret\u00e1rio municipal de Cultura do Rio de Janeiro. Em nota, a Presid\u00eancia informa que Leit\u00e3o tem reconhecida experi\u00eancia na \u00e1rea cultural.<\/p>\n<p>S\u00e9rgio S\u00e1 Leit\u00e3o assume o comando da Cultura no lugar no ministro interino Jo\u00e3o Batista de Andrade. Ent\u00e3o secret\u00e1rio executivo da Cultura, Andrade assumiu interinamente o cargo de ministro em maio, ap\u00f3s o deputado Roberto Freire (PPS-PE) anunciar a sa\u00edda do cargo.<\/p>\n<p>Em junho,\u00a0<a href=\"http:\/\/agenciabrasil.ebc.com.br\/cultura\/noticia\/2017-06\/ministro-interino-da-cultura-pede-demissao-do-cargo\" target=\"_blank\" rel=\"noopener noreferrer\">Jo\u00e3o Batista de Andrade enviou uma carta enviada ao presidente Michel Temer<\/a>afirmando n\u00e3o ter interesse em ser efetivado no comando da pasta<\/p>\n","protected":false},"excerpt":{"rendered":"<p>O atual diretor da Ag\u00eancia Nacional do Cinema (Ancine), S\u00e9rgio S\u00e1 Leit\u00e3o, \u00e9 o novo&#8230;<\/p>\n","protected":false},"author":1,"featured_media":0,"comment_status":"closed","ping_status":"closed","sticky":false,"template":"","format":"standard","meta":{"footnotes":""},"categories":[7,19],"tags":[],"class_list":["post-7044","post","type-post","status-publish","format-standard","hentry","category-cultura","category-politica"],"_links":{"self":[{"href":"https:\/\/www.corumbaonline.com.br\/news\/wp-json\/wp\/v2\/posts\/7044","targetHints":{"allow":["GET"]}}],"collection":[{"href":"https:\/\/www.corumbaonline.com.br\/news\/wp-json\/wp\/v2\/posts"}],"about":[{"href":"https:\/\/www.corumbaonline.com.br\/news\/wp-json\/wp\/v2\/types\/post"}],"author":[{"embeddable":true,"href":"https:\/\/www.corumbaonline.com.br\/news\/wp-json\/wp\/v2\/users\/1"}],"replies":[{"embeddable":true,"href":"https:\/\/www.corumbaonline.com.br\/news\/wp-json\/wp\/v2\/comments?post=7044"}],"version-history":[{"count":1,"href":"https:\/\/www.corumbaonline.com.br\/news\/wp-json\/wp\/v2\/posts\/7044\/revisions"}],"predecessor-version":[{"id":7045,"href":"https:\/\/www.corumbaonline.com.br\/news\/wp-json\/wp\/v2\/posts\/7044\/revisions\/7045"}],"wp:attachment":[{"href":"https:\/\/www.corumbaonline.com.br\/news\/wp-json\/wp\/v2\/media?parent=7044"}],"wp:term":[{"taxonomy":"category","embeddable":true,"href":"https:\/\/www.corumbaonline.com.br\/news\/wp-json\/wp\/v2\/categories?post=7044"},{"taxonomy":"post_tag","embeddable":true,"href":"https:\/\/www.corumbaonline.com.br\/news\/wp-json\/wp\/v2\/tags?post=7044"}],"curies":[{"name":"wp","href":"https:\/\/api.w.org\/{rel}","templated":true}]}}