{"id":7072,"date":"2017-07-21T10:10:06","date_gmt":"2017-07-21T14:10:06","guid":{"rendered":"http:\/\/www.corumbaonline.com.br\/news\/?p=7072"},"modified":"2017-07-21T10:22:43","modified_gmt":"2017-07-21T14:22:43","slug":"lula-tem-r-9-milhoes-em-planos-de-previdencia-bloqueados-a-pedido-de-moro","status":"publish","type":"post","link":"https:\/\/www.corumbaonline.com.br\/news\/lula-tem-r-9-milhoes-em-planos-de-previdencia-bloqueados-a-pedido-de-moro\/","title":{"rendered":"Lula tem R$ 9 milh\u00f5es em planos de previd\u00eancia bloqueados a pedido de Moro"},"content":{"rendered":"<p>A pedido do juiz federal S\u00e9rgio Moro, respons\u00e1vel pelos processos da Opera\u00e7\u00e3o Lava Jato na primeira inst\u00e2ncia, o Banco do Brasil (BB) bloqueou hoje (20) mais de R$ 9 milh\u00f5es em planos de previd\u00eancia em nome do ex-presidente Luiz In\u00e1cio Lula da Silva. Na quarta-feira (19), tamb\u00e9m por determina\u00e7\u00e3o do magistrado, foram confiscados im\u00f3veis e ve\u00edculos, al\u00e9m do bloqueio, pelo Banco Central, de R$ 606,7 mil das contas do ex-presidente.<\/p>\n<p>Nos dois casos, as medidas foram tomadas a pedido do Minist\u00e9rio P\u00fablico Federal (MPF), para fins de repara\u00e7\u00e3o de danos \u00e0 Petrobras no processo em que o ex-presidente foi condenado a nove anos e meio de pris\u00e3o, em primeira inst\u00e2ncia, no caso do triplex de Guaruj\u00e1 (SP).<\/p>\n<p>Em of\u00edcio enviado ao magistrado, o Banco do Brasil informou que foram bloqueados os saldos de dois planos de previd\u00eancia. Um empresarial, em nome da empresa LILS Palestras Eventos e publica\u00e7\u00f5es, que tem Lula como benefici\u00e1rio, e um individual, em nome do ex-presidente. Do primeiro, foram bloqueados R$ 7.190,963,75 e, no segundo, R$ 1.848.331,34.<\/p>\n<p>A defesa de Lula ainda n\u00e3o se manifestou sobre o novo bloqueio de bens do ex-presidente. Na quarta-feira (19), os advogados do ex-presidente consideraram a decis\u00e3o de Moro &#8220;ilegal e abusiva&#8221; e informaram que ser\u00e1 alvo de pedido de impugna\u00e7\u00e3o. Tamb\u00e9m em nota, o PT disse que a decis\u00e3o de Moro \u00e9 &#8220;mesquinha&#8221; e que trata-se de uma &#8220;vingan\u00e7a&#8221; conta um inocente.<\/p>\n","protected":false},"excerpt":{"rendered":"<p>A pedido do juiz federal S\u00e9rgio Moro, respons\u00e1vel pelos processos da Opera\u00e7\u00e3o Lava Jato na&#8230;<\/p>\n","protected":false},"author":1,"featured_media":0,"comment_status":"closed","ping_status":"closed","sticky":false,"template":"","format":"standard","meta":{"footnotes":""},"categories":[19],"tags":[],"class_list":["post-7072","post","type-post","status-publish","format-standard","hentry","category-politica"],"_links":{"self":[{"href":"https:\/\/www.corumbaonline.com.br\/news\/wp-json\/wp\/v2\/posts\/7072","targetHints":{"allow":["GET"]}}],"collection":[{"href":"https:\/\/www.corumbaonline.com.br\/news\/wp-json\/wp\/v2\/posts"}],"about":[{"href":"https:\/\/www.corumbaonline.com.br\/news\/wp-json\/wp\/v2\/types\/post"}],"author":[{"embeddable":true,"href":"https:\/\/www.corumbaonline.com.br\/news\/wp-json\/wp\/v2\/users\/1"}],"replies":[{"embeddable":true,"href":"https:\/\/www.corumbaonline.com.br\/news\/wp-json\/wp\/v2\/comments?post=7072"}],"version-history":[{"count":1,"href":"https:\/\/www.corumbaonline.com.br\/news\/wp-json\/wp\/v2\/posts\/7072\/revisions"}],"predecessor-version":[{"id":7073,"href":"https:\/\/www.corumbaonline.com.br\/news\/wp-json\/wp\/v2\/posts\/7072\/revisions\/7073"}],"wp:attachment":[{"href":"https:\/\/www.corumbaonline.com.br\/news\/wp-json\/wp\/v2\/media?parent=7072"}],"wp:term":[{"taxonomy":"category","embeddable":true,"href":"https:\/\/www.corumbaonline.com.br\/news\/wp-json\/wp\/v2\/categories?post=7072"},{"taxonomy":"post_tag","embeddable":true,"href":"https:\/\/www.corumbaonline.com.br\/news\/wp-json\/wp\/v2\/tags?post=7072"}],"curies":[{"name":"wp","href":"https:\/\/api.w.org\/{rel}","templated":true}]}}