{"id":7090,"date":"2017-07-21T11:15:56","date_gmt":"2017-07-21T15:15:56","guid":{"rendered":"http:\/\/www.corumbaonline.com.br\/news\/?p=7090"},"modified":"2017-07-21T11:07:31","modified_gmt":"2017-07-21T15:07:31","slug":"defesa-de-lula-pede-a-justica-suspensao-de-bloqueio-de-contas-e-bens","status":"publish","type":"post","link":"https:\/\/www.corumbaonline.com.br\/news\/defesa-de-lula-pede-a-justica-suspensao-de-bloqueio-de-contas-e-bens\/","title":{"rendered":"Defesa de Lula pede \u00e0 Justi\u00e7a suspens\u00e3o de bloqueio de contas e bens"},"content":{"rendered":"<p>A defesa do ex-presidente Luiz In\u00e1cio Lula da Silva pediu hoje (20) ao Tribunal Regional Federal da 4\u00aa Regi\u00e3o (TRF4) a suspens\u00e3o imediata do sequestro e o arresto de bens e valores do petista, determinada pelo juiz S\u00e9rgio Moro, da 13\u00aa Vara Federal Criminal de Curitiba, e respons\u00e1vel pelos processos da Opera\u00e7\u00e3o Lava Jato na primeira inst\u00e2ncia.<\/p>\n<p>Para a defesa, a decis\u00e3o de Moro decretando o confisco de im\u00f3veis e ve\u00edculos, al\u00e9m dobloqueio de R$ 606,7 mil\u00a0das contas do ex-presidente e mais de\u00a0R$ 9 milh\u00f5es\u00a0em planos de previd\u00eancia \u00e9 ilegal e abusiva.<\/p>\n<p>\u201cPedimos a concess\u00e3o de medida liminar para suspender, de imediato, os efeitos da decis\u00e3o de primeiro grau para que haja a restitui\u00e7\u00e3o da disponibilidade dos bens e valores de Lula e, ao final, para que seja reconhecida definitivamente a ilegalidade da decis\u00e3o impugnada, com a consequente declara\u00e7\u00e3o da sua nulidade\u201d, diz trecho de comunicado assinado pelos advogados Cristiano Zanin Martins e Valeska Teixeira Martins.<\/p>\n<p>No mandado de seguran\u00e7a, a defesa de Lula lista tr\u00eas supostas ilegalidades existentes na decis\u00e3o de Moro: a ilegitimidade do Minist\u00e9rio P\u00fablico Federal para solicitar medida cautelar destinada a assegurar o pagamento de futuro e eventual dano em favor da Petrobras; impossibilidade de sequestro de bens que t\u00eam origem l\u00edcita e que foram adquiridos por Lula antes dos fatos afirmados pela acusa\u00e7\u00e3o; e a inexist\u00eancia de qualquer fato concreto que demonstre risco de dilapida\u00e7\u00e3o patrimonial e justifique a necessidade de medida cautelar.<\/p>\n<p>Na despacho em que decretou o bloqueio de bens de Lula, Moro afirmou que a medida \u00e9 necess\u00e1ria para repara\u00e7\u00e3o de danos \u00e0 Petrobras. A medida foi tomada no processo em que o petista foi condenado a 9 anos e meio de pris\u00e3o, em primeira inst\u00e2ncia, no caso do tr\u00edplex do Guaruj\u00e1 (SP).<\/p>\n","protected":false},"excerpt":{"rendered":"<p>A defesa do ex-presidente Luiz In\u00e1cio Lula da Silva pediu hoje (20) ao Tribunal Regional&#8230;<\/p>\n","protected":false},"author":1,"featured_media":0,"comment_status":"closed","ping_status":"closed","sticky":false,"template":"","format":"standard","meta":{"footnotes":""},"categories":[19],"tags":[],"class_list":["post-7090","post","type-post","status-publish","format-standard","hentry","category-politica"],"_links":{"self":[{"href":"https:\/\/www.corumbaonline.com.br\/news\/wp-json\/wp\/v2\/posts\/7090","targetHints":{"allow":["GET"]}}],"collection":[{"href":"https:\/\/www.corumbaonline.com.br\/news\/wp-json\/wp\/v2\/posts"}],"about":[{"href":"https:\/\/www.corumbaonline.com.br\/news\/wp-json\/wp\/v2\/types\/post"}],"author":[{"embeddable":true,"href":"https:\/\/www.corumbaonline.com.br\/news\/wp-json\/wp\/v2\/users\/1"}],"replies":[{"embeddable":true,"href":"https:\/\/www.corumbaonline.com.br\/news\/wp-json\/wp\/v2\/comments?post=7090"}],"version-history":[{"count":1,"href":"https:\/\/www.corumbaonline.com.br\/news\/wp-json\/wp\/v2\/posts\/7090\/revisions"}],"predecessor-version":[{"id":7091,"href":"https:\/\/www.corumbaonline.com.br\/news\/wp-json\/wp\/v2\/posts\/7090\/revisions\/7091"}],"wp:attachment":[{"href":"https:\/\/www.corumbaonline.com.br\/news\/wp-json\/wp\/v2\/media?parent=7090"}],"wp:term":[{"taxonomy":"category","embeddable":true,"href":"https:\/\/www.corumbaonline.com.br\/news\/wp-json\/wp\/v2\/categories?post=7090"},{"taxonomy":"post_tag","embeddable":true,"href":"https:\/\/www.corumbaonline.com.br\/news\/wp-json\/wp\/v2\/tags?post=7090"}],"curies":[{"name":"wp","href":"https:\/\/api.w.org\/{rel}","templated":true}]}}