{"id":7102,"date":"2017-07-22T10:30:51","date_gmt":"2017-07-22T14:30:51","guid":{"rendered":"http:\/\/www.corumbaonline.com.br\/news\/?p=7102"},"modified":"2017-07-22T10:50:51","modified_gmt":"2017-07-22T14:50:51","slug":"evander-diz-que-periodo-foi-positivo-com-muito-trabalho-focado-na-populacao-e-na-cidade","status":"publish","type":"post","link":"https:\/\/www.corumbaonline.com.br\/news\/evander-diz-que-periodo-foi-positivo-com-muito-trabalho-focado-na-populacao-e-na-cidade\/","title":{"rendered":"Evander diz que per\u00edodo foi positivo com muito trabalho focado na popula\u00e7\u00e3o e na cidade"},"content":{"rendered":"<p><span style=\"color: #000000;\">Um per\u00edodo de trabalho intenso com foco na popula\u00e7\u00e3o e no desenvolvimento da cidade. Foi assim que resumiu o vereador e presidente da C\u00e2mara Municipal de Corumb\u00e1, Evander Vendramini (PP), ao fazer um balan\u00e7o sobre as atividades do primeiro semestre do ano legislativo. Ele elogiou a atua\u00e7\u00e3o dos vereadores que se mostraram sempre preocupados com o bem-estar do corumbaense, e buscaram melhorias para setores importantes como sa\u00fade, educa\u00e7\u00e3o, transporte, infraestrutura, seguran\u00e7a, meio ambiente, entre outros.<\/span><\/p>\n<p><span style=\"color: #000000;\">\u201cTodos os vereadores, sem exce\u00e7\u00e3o, tiveram um grande desempenho neste primeiro semestre, n\u00e3o s\u00f3 aqui dentro da casa, mas tamb\u00e9m nas comunidades, nos bairros, dialogando com a popula\u00e7\u00e3o, trocando ideias, conhecendo as necessidades, as principais aspira\u00e7\u00f5es, para buscar solu\u00e7\u00f5es. Prova disso foram os quase 750 requerimentos e os 54 projetos e leis apresentados durante as 33 sess\u00f5es ordin\u00e1rias realizadas\u201d, testemunhou Vendramini.<\/span><\/p>\n<p><span style=\"color: #000000;\">O resumo do primeiro semestre do ano legislativo apresentou um total de 1.125 documentos como requerimentos, indica\u00e7\u00f5es, mo\u00e7\u00f5es de congratula\u00e7\u00e3o e pesar, projetos de leis, entre outros. Al\u00e9m dos 54 projetos apresentados pelos vereadores, a Casa de Leis recebeu e aprovou 12 encaminhados pelo Executivo, necess\u00e1rios para o bom andamento da m\u00e1quina.<\/span><\/p>\n<p><span style=\"color: #000000;\">\u201cO per\u00edodo foi bastante produtivo e podemos considerar o resultado como positivo. O trabalho dos vereadores n\u00e3o se resumiu apenas em buscar benfeitorias para a regi\u00e3o urbana de Corumb\u00e1. A atua\u00e7\u00e3o foi mais abrangente, pensando tamb\u00e9m nas comunidades ribeirinhas, dos assentamentos rurais, distritos, enfim, todas as regi\u00f5es do Munic\u00edpio, um dos maiores do Pa\u00eds\u201d, destacou o presidente.<\/span><\/p>\n<p><span style=\"color: #000000;\">\u00c1gua pot\u00e1vel<\/span><\/p>\n<p><span style=\"color: #000000;\">Citou como um dos destaques, os entendimentos com a dire\u00e7\u00e3o da Empresa de Saneamento de Mato Grosso do Sul (Sanesul), para atender os moradores dos distritos de Albuquerque e Porto Esperan\u00e7a com \u00e1gua pot\u00e1vel. O assunto trouxe a Corumb\u00e1 a diretoria da concession\u00e1ria que se reuniu com os vereadores e anunciou um projeto piloto que ser\u00e1 executado em Albuquerque, podendo ser levado a outras regi\u00f5es, inclusive em outros munic\u00edpios do Estado.<\/span><\/p>\n<p><span style=\"color: #000000;\">Tamb\u00e9m para a comunidade de Porto Esperan\u00e7a, Evander lembrou a interven\u00e7\u00e3o da C\u00e2mara em torno da implanta\u00e7\u00e3o da estrada de acesso ao distrito, o que refletir\u00e1 diretamente no turismo local, al\u00e9m de melhorar a acessibilidade (hoje o principal acesso \u00e9 pelo rio). O servi\u00e7o ser\u00e1 executado pelo Poder Executivo e tem a mineradora Vale como parceira.<\/span><\/p>\n<p><span style=\"color: #000000;\">\u201cS\u00e3o conquistas importantes para quem reside na zona rural. Outras regi\u00f5es tamb\u00e9m est\u00e3o sendo beneficiadas a partir de quest\u00f5es levantadas na C\u00e2mara, principalmente nas \u00e1reas de sa\u00fade, educa\u00e7\u00e3o e infraestrutura\u201d, disse.<\/span><\/p>\n<p><span style=\"color: #000000;\">Ainda em rela\u00e7\u00e3o \u00e0 Sanesul, o presidente informou que a C\u00e2mara buscou melhorias tamb\u00e9m para a \u00e1rea urbana e a \u201cexpectativa \u00e9 que a amplia\u00e7\u00e3o do sistema seja conclu\u00edda ainda este ano, para atender a parte alta que tanto sofre com falta de \u00e1gua. Vamos continuar cobrando, lembrando que outra luta est\u00e1 sendo a tarifa de esgoto que estamos buscando reduzir. Tudo isto est\u00e1 sendo tratado agora. Caso n\u00e3o ocorram melhorias, a nossa posi\u00e7\u00e3o ser\u00e1 a municipaliza\u00e7\u00e3o do sistema\u201d, ressaltou.<\/span><\/p>\n<p><span style=\"color: #000000;\">Transporte<\/span><\/p>\n<p><span style=\"color: #000000;\">Outro setor que mereceu aten\u00e7\u00e3o no per\u00edodo foi o de transporte. A primeira luta da C\u00e2mara, que j\u00e1 vem desde a legislatura passada, se refere ao transporte intermunicipal e interestadual de passageiros. A quest\u00e3o foi levantada pelo pr\u00f3prio Evander Vendramini e, este ano, abra\u00e7ada por todos os vereadores. A luta \u00e9 pelo fim do monop\u00f3lio da Andorinha.<\/span><\/p>\n<p><span style=\"color: #000000;\">Hoje, a Andorinha \u00e9 a \u00fanica empresa autorizada pelo Estado para atuar no trecho Corumb\u00e1 \u2013 Campo Grande \u2013 Corumb\u00e1. O contrato (concess\u00e3o) j\u00e1 acabou h\u00e1 mais de 30 anos e, desde ent\u00e3o, a empresa tem feito o servi\u00e7o mediante autoriza\u00e7\u00f5es fornecidas pela Agepan, empresa ligada \u00e0 Secretaria de Estado de Infraestrutura que tem que fazer nova licita\u00e7\u00e3o.<\/span><\/p>\n<p><span style=\"color: #000000;\">\u201cEstamos cobrando uma nova licita\u00e7\u00e3o com duas ou tr\u00eas empresas fazendo o servi\u00e7o que, nos dias atuais, \u00e9 de p\u00e9ssima qualidade, com pre\u00e7os de passagens exorbitantes, \u00f4nibus deixando a desejar, parada em um estabelecimento comercial em Miranda quando deveria ser na rodovi\u00e1ria de l\u00e1, entre outras coisas. Queremos acabar com isso e com mais empresas, haver\u00e1 concorr\u00eancia e quem ganhar\u00e1 com isso \u00e9 a popula\u00e7\u00e3o\u201d, refor\u00e7ou.<\/span><\/p>\n<p><span style=\"color: #000000;\">Em rela\u00e7\u00e3o ao transporte urbano, o presidente citou um projeto de lei do vereador Baianinho (PSDB), que regulamenta o servi\u00e7o de taxi em Corumb\u00e1, que assegura aos taxistas, diversos benef\u00edcios que ser\u00e3o incorporados ao exerc\u00edcio da profiss\u00e3o na cidade, hoje regido por um decreto municipal. Al\u00e9m disso, destacou o trabalho da casa visando combater o transporte clandestino de passageiros.<\/span><\/p>\n<p><span style=\"color: #000000;\">Pesca do Dourado e outros destaques<\/span><\/p>\n<p><span style=\"color: #000000;\">Outro avan\u00e7o no per\u00edodo foi a Lei da Pesca do Dourado. De autoria do vereador Rufo Vinagre (PR), a captura do Dourado est\u00e1 proibida no Munic\u00edpio por um per\u00edodo de 10 anos. A lei foi sancionada pelo prefeito Ruiter Cunha e \u00e9 apontada como fundamental para recuperar o estoque dessa esp\u00e9cie na regi\u00e3o.<\/span><\/p>\n<p><span style=\"color: #000000;\">Tamb\u00e9m positiva e de extrema relev\u00e2ncia foi a Lei n \u00ba 2.565, de autoria do vereador Manoel Rodrigues (PRB) e sancionada pelo prefeito, que disp\u00f5e sobre a implementa\u00e7\u00e3o de atividades com fins educativos para reparar danos causados ao ambiente escolar. A medida foi um passo importante para que seja implantado em Corumb\u00e1, o Programa de Concilia\u00e7\u00e3o para Prevenir a Evas\u00e3o e a Viol\u00eancia Escolar na Rede de Ensino.<\/span><\/p>\n<p><span style=\"color: #000000;\">Outras conquistas para a popula\u00e7\u00e3o foram os projetos de lei que pro\u00edbe a cobran\u00e7a de taxa de religa\u00e7\u00e3o de energia el\u00e9trica e de \u00e1gua, em caso de corte de fornecimento por falta de pagamento, de autoria do vereador Yussef Salla; o referente ao passe livre para todos os estudantes de cursos t\u00e9cnicos e profissionalizantes oferecidos pela rede p\u00fablica, de autoria do vereador Chic\u00e3o Vianna (Solidariedade) Atualmente o benef\u00edcio atende apenas os alunos regularmente matriculados no ensino fundamental, m\u00e9dio e superior.<\/span><\/p>\n<p><span style=\"color: #000000;\">O projeto de lei de autoria do vereador Paulo Bertini (PSB), que prev\u00ea altera\u00e7\u00e3o na legisla\u00e7\u00e3o que garante condi\u00e7\u00f5es de acesso aos estacionamentos reservados para deficientes f\u00edsicos e de idosos. A inten\u00e7\u00e3o do edil \u00e9 assegurar os mesmos direitos \u00e0s gestantes. Os dois projetos de lei do vereador Tadeu Vieira (PDT) para beneficiar a mulher corumbaense usu\u00e1rias de transporte coletivo e na rede p\u00fablica de ensino.<\/span><\/p>\n<p><span style=\"color: #000000;\">O projeto de lei que autoriza as empresas da iniciativa privada a doar uniformes, mochilas, pastas e similares, bem como outros materiais escolares aos alunos da Rede Municipal de Ensino de Corumb\u00e1. A proposta \u00e9 do vereador Yussef Salla.<\/span><\/p>\n<p><span style=\"color: #000000;\">Projeto de Lei que disp\u00f5e sobre a cria\u00e7\u00e3o de um Centro Municipal de Recupera\u00e7\u00e3o de Dependentes Qu\u00edmicos sugerido pelo vereador Andr\u00e9 da Farm\u00e1cia (PTB). A iniciativa visa criar um organismo que tenha como finalidade providenciar o tratamento e a recupera\u00e7\u00e3o de jovens e adultos dependentes de drogas que causam depend\u00eancia qu\u00edmica.<\/span><\/p>\n<p><span style=\"color: #000000;\">Outros destaques foram as audi\u00eancias p\u00fablicas. Uma delas, de autoria do vereador Tadeu Vieira, permitiu debater droga, alcoolismo e a prostitui\u00e7\u00e3o infantil. O evento foi um passo importante para o envolvimento dos mais diferentes segmentos da sociedade visando o desenvolvimento de uma grande a\u00e7\u00e3o e buscar reverter o atual quadro no Munic\u00edpio, que tem afetado a fam\u00edlia corumbaense, principalmente crian\u00e7as e adolescentes.<\/span><\/p>\n<p><span style=\"color: #000000;\">A audi\u00eancia p\u00fablica que tratou das quest\u00f5es relacionadas \u00e0 infraestrutura e seguran\u00e7a das pontes sobre o Rio Paraguai, organizada pelo vereador Domingos Albaneze (PV) que possibilitou discutir as situa\u00e7\u00f5es das pontes na regi\u00e3o do Morrinho (rodovi\u00e1ria) e de Porto Esperan\u00e7a (ferrovi\u00e1ria), bem como da ponte existente na \u00e1rea urbana de Corumb\u00e1, a capta\u00e7\u00e3o de \u00e1gua bruta.<\/span><\/p>\n<p><span style=\"color: #000000;\">Tamb\u00e9m de autoria do vereador Domingo, a audi\u00eancia p\u00fablica que possibilitou levantar um diagn\u00f3stico da implanta\u00e7\u00e3o das pequenas centrais hidrel\u00e9tricas na Bacia do Rio Paraguai.<\/span><\/p>\n<p><span style=\"color: #000000;\">Contato direto com a popula\u00e7\u00e3o<\/span><\/p>\n<p><span style=\"color: #000000;\">\u201cForam conquistas importantes durante o primeiro semestre, um per\u00edodo em que trabalhamos em sintonia com a popula\u00e7\u00e3o, principalmente\u201d, observou, lembrando a amplia\u00e7\u00e3o dos servi\u00e7os para melhor atender a comunidade corumbaense, com a disponibiliza\u00e7\u00e3o do \u201cFale com a C\u00e2mara\u201d, por meio do aplicativo WhatsApp Messenger (55 67 9947-0478) para facilitar o acesso aos servi\u00e7os p\u00fablicos, por parte dos mun\u00edcipes.<\/span><\/p>\n<p><span style=\"color: #000000;\">\u201cO aplicativo est\u00e1 sendo importante para o cidad\u00e3o corumbaense, que conta com um telefone espec\u00edfico para um contato mais direto com o Poder Legislativo. Pelo WhatsApp, o cidad\u00e3o tem como fazer suas reivindica\u00e7\u00f5es, encaminhar sugest\u00f5es, enfim, tudo que for relacionado a servi\u00e7os p\u00fablicos\u201d, lembrou.<\/span><\/p>\n<p><span style=\"color: #000000;\">Outras conquistas, em andamento, s\u00e3o a implanta\u00e7\u00e3o do elevador para atender idosos e portadores de defici\u00eancia que, a partir de agosto, poder\u00e3o acompanhar as sess\u00f5es na C\u00e2mara; a amplia\u00e7\u00e3o da recep\u00e7\u00e3o; a recupera\u00e7\u00e3o de documentos que est\u00e1 permitindo restaurar a hist\u00f3ria da cidade.<\/span><\/p>\n<p><span style=\"color: #000000;\">Parceria<\/span><\/p>\n<p><span style=\"color: #000000;\">Evander destacou tamb\u00e9m a parceria estabelecida com o Poder Executivo. Para ele, a boa conviv\u00eancia refletiu positivamente em prol da popula\u00e7\u00e3o e da cidade como um todo. \u201cO Poder Legislativo desempenhou as suas fun\u00e7\u00f5es buscando sempre o bem-estar da nossa cidade, do nosso povo, trabalhando em perfeita harmonia com o Executivo, sem perder a sua autonomia\u201d, disse.<\/span><\/p>\n<p><span style=\"color: #000000;\">\u201cNesse per\u00edodo aprovamos projetos importantes encaminhados pelo prefeito Ruiter Cunha, contribuindo para o bom andamento da m\u00e1quina administrativa, al\u00e9m de outros apresentados pelos vereadores que j\u00e1 foram sancionados ou est\u00e3o sendo apreciados pelo Executivo\u201d, concluiu.<\/span><\/p>\n","protected":false},"excerpt":{"rendered":"<p>Um per\u00edodo de trabalho intenso com foco na popula\u00e7\u00e3o e no desenvolvimento da cidade. Foi&#8230;<\/p>\n","protected":false},"author":1,"featured_media":7103,"comment_status":"closed","ping_status":"closed","sticky":false,"template":"","format":"standard","meta":{"footnotes":""},"categories":[8,19],"tags":[],"class_list":["post-7102","post","type-post","status-publish","format-standard","has-post-thumbnail","hentry","category-destaque","category-politica"],"_links":{"self":[{"href":"https:\/\/www.corumbaonline.com.br\/news\/wp-json\/wp\/v2\/posts\/7102","targetHints":{"allow":["GET"]}}],"collection":[{"href":"https:\/\/www.corumbaonline.com.br\/news\/wp-json\/wp\/v2\/posts"}],"about":[{"href":"https:\/\/www.corumbaonline.com.br\/news\/wp-json\/wp\/v2\/types\/post"}],"author":[{"embeddable":true,"href":"https:\/\/www.corumbaonline.com.br\/news\/wp-json\/wp\/v2\/users\/1"}],"replies":[{"embeddable":true,"href":"https:\/\/www.corumbaonline.com.br\/news\/wp-json\/wp\/v2\/comments?post=7102"}],"version-history":[{"count":1,"href":"https:\/\/www.corumbaonline.com.br\/news\/wp-json\/wp\/v2\/posts\/7102\/revisions"}],"predecessor-version":[{"id":7104,"href":"https:\/\/www.corumbaonline.com.br\/news\/wp-json\/wp\/v2\/posts\/7102\/revisions\/7104"}],"wp:featuredmedia":[{"embeddable":true,"href":"https:\/\/www.corumbaonline.com.br\/news\/wp-json\/wp\/v2\/media\/7103"}],"wp:attachment":[{"href":"https:\/\/www.corumbaonline.com.br\/news\/wp-json\/wp\/v2\/media?parent=7102"}],"wp:term":[{"taxonomy":"category","embeddable":true,"href":"https:\/\/www.corumbaonline.com.br\/news\/wp-json\/wp\/v2\/categories?post=7102"},{"taxonomy":"post_tag","embeddable":true,"href":"https:\/\/www.corumbaonline.com.br\/news\/wp-json\/wp\/v2\/tags?post=7102"}],"curies":[{"name":"wp","href":"https:\/\/api.w.org\/{rel}","templated":true}]}}