{"id":7106,"date":"2017-07-21T15:30:58","date_gmt":"2017-07-21T19:30:58","guid":{"rendered":"http:\/\/www.corumbaonline.com.br\/news\/?p=7106"},"modified":"2017-07-22T10:55:37","modified_gmt":"2017-07-22T14:55:37","slug":"marinheiros-mortos-em-guerra-sao-homenageados-pelo-distrito-naval","status":"publish","type":"post","link":"https:\/\/www.corumbaonline.com.br\/news\/marinheiros-mortos-em-guerra-sao-homenageados-pelo-distrito-naval\/","title":{"rendered":"Marinheiros mortos em guerra s\u00e3o homenageados pelo Distrito Naval"},"content":{"rendered":"<p><span style=\"color: #000000;\">Cerim\u00f4nia realizada na manh\u00e3 desta sexta-feira, 21, marcou as homenagens aos marinheiros mortos em guerra. O ato foi realizado pela Marinha do Brasil, comandado pelo contra-almirante Luiz Oct\u00e1vio Barros Coutinho, comandante do 6\u00ba Distrito Naval, e contou com as presen\u00e7as do prefeito Ruiter Cunha de Oliveira, de Corumb\u00e1; do presidente da C\u00e2mara Municipal de Vereadores, Evander Vendramini, al\u00e9m de outras autoridades.<\/span><\/p>\n<p><span style=\"color: #000000;\">A cerim\u00f4nia aconteceu a bordo do navio monitor Parna\u00edba, durante navega\u00e7\u00e3o pelo Rio Paraguai. Contou com a leitura da Ordem do Dia referente \u00e0 data e lan\u00e7amento de uma coroa de flores no leito do rio, feita pelo contra-almirante Barros Coutinho, juntamente com os m\u00e9dicos Ant\u00f4nio Sabatel e Rog\u00e9rio dos Santos Leite, neto e bisneto do tenente Maximiano Jos\u00e9 dos Santos, \u00edcone da Marinha na regi\u00e3o pantaneira, falecido em abril de 2006, aos 113 anos, e do ex-combatente e terceiro-sargento fuzileiro naval da reserva, Edson Arguelo da Silva.<\/span><\/p>\n<p><span style=\"color: #000000;\">Para o contra-almirante Barros Coutinho, a cerim\u00f4nia marca uma justa homenagem \u00e0queles marinheiros e tripulantes mortos em guerra. \u201cEles deram a vida para que tiv\u00e9ssemos um pa\u00eds soberano e livre, e com a extens\u00e3o territorial atual. Esses her\u00f3is do passado s\u00e3o nossos guias para que n\u00e3o nos esque\u00e7amos de nos prepararmos para situa\u00e7\u00f5es de conflitos que possam vir\u201d.<\/span><\/p>\n<p><span style=\"color: #000000;\">O prefeito Ruiter Cunha citou que o ato \u00e9 importante para chamar a popula\u00e7\u00e3o para uma reflex\u00e3o, al\u00e9m de permitir \u201creviver epis\u00f3dios importantes da hist\u00f3ria do Pa\u00eds\u201d, e que datas como esta, refor\u00e7am o \u201csentimento de respeito e amor por nossa p\u00e1tria\u201d, destacou, lembrando os marinheiros que perderam suas vidas durante a Retomada de Corumb\u00e1.<\/span><\/p>\n<p><span style=\"color: #000000;\">O presidente da C\u00e2mara de Corumb\u00e1, Evander Vendramini, tamb\u00e9m enalteceu a cerim\u00f4nia no 6\u00ba Distrito Naval. Lembrou que muitos que perderam a vida em defesa da Na\u00e7\u00e3o, \u201cacabaram ficando nas \u00e1guas profundas do oceano, sem um t\u00famulo em terra para que seus familiares tenham como prestar suas homenagens\u201d.<\/span><\/p>\n<p><span style=\"color: #000000;\">A data\u00a0<\/span><span style=\"color: #000000;\">\u00a0<\/span><\/p>\n<p><span style=\"color: #000000;\">A Marinha do Brasil realiza essa cerim\u00f4nia anualmente para relembrar o anivers\u00e1rio do naufr\u00e1gio da Corveta Camaqu\u00e3, em 21 de julho de 1944, que estava em opera\u00e7\u00e3o de escolta a um comboio durante a Segunda Guerra Mundial. Trinta e tr\u00eas homens perderam a vida no acidente. A data ficou consagrada \u00e0 mem\u00f3ria dos militares mortos no mar, em guerra.<\/span><\/p>\n<p><span style=\"color: #000000;\">Na ordem do dia, o comandante da Marinha, almirante de esquadra Eduardo Bacellar Leal Ferreira, destacou a import\u00e2ncia de relembrar os \u201cfeitos gloriosos do passado\u201d e que \u201cas miss\u00f5es cumpridas pelos militares mortos em guerras fazem perceber a necessidade de estarmos sempre vigilantes e de dispormos de um Poder Naval moderno e cr\u00edvel para que possamos fazer frente a eventuais agress\u00f5es externas, as quais nem sempre s\u00e3o evitadas ou sequer chegam a ser previstas\u201d.<\/span><\/p>\n<p><span style=\"color: #000000;\">\u201cDa mesma forma, compreendemos a import\u00e2ncia de cultivarmos os valores maiores que orientam nossas atividades e de investirmos na forma\u00e7\u00e3o e capacita\u00e7\u00e3o do pessoal, pois o fator humano sempre se mostrou decisivo nas vit\u00f3rias alcan\u00e7adas\u201d, afirmou.<\/span><\/p>\n","protected":false},"excerpt":{"rendered":"<p>Cerim\u00f4nia realizada na manh\u00e3 desta sexta-feira, 21, marcou as homenagens aos marinheiros mortos em guerra&#8230;.<\/p>\n","protected":false},"author":1,"featured_media":7107,"comment_status":"closed","ping_status":"closed","sticky":false,"template":"","format":"standard","meta":{"footnotes":""},"categories":[8,14],"tags":[],"class_list":["post-7106","post","type-post","status-publish","format-standard","has-post-thumbnail","hentry","category-destaque","category-geral"],"_links":{"self":[{"href":"https:\/\/www.corumbaonline.com.br\/news\/wp-json\/wp\/v2\/posts\/7106","targetHints":{"allow":["GET"]}}],"collection":[{"href":"https:\/\/www.corumbaonline.com.br\/news\/wp-json\/wp\/v2\/posts"}],"about":[{"href":"https:\/\/www.corumbaonline.com.br\/news\/wp-json\/wp\/v2\/types\/post"}],"author":[{"embeddable":true,"href":"https:\/\/www.corumbaonline.com.br\/news\/wp-json\/wp\/v2\/users\/1"}],"replies":[{"embeddable":true,"href":"https:\/\/www.corumbaonline.com.br\/news\/wp-json\/wp\/v2\/comments?post=7106"}],"version-history":[{"count":1,"href":"https:\/\/www.corumbaonline.com.br\/news\/wp-json\/wp\/v2\/posts\/7106\/revisions"}],"predecessor-version":[{"id":7108,"href":"https:\/\/www.corumbaonline.com.br\/news\/wp-json\/wp\/v2\/posts\/7106\/revisions\/7108"}],"wp:featuredmedia":[{"embeddable":true,"href":"https:\/\/www.corumbaonline.com.br\/news\/wp-json\/wp\/v2\/media\/7107"}],"wp:attachment":[{"href":"https:\/\/www.corumbaonline.com.br\/news\/wp-json\/wp\/v2\/media?parent=7106"}],"wp:term":[{"taxonomy":"category","embeddable":true,"href":"https:\/\/www.corumbaonline.com.br\/news\/wp-json\/wp\/v2\/categories?post=7106"},{"taxonomy":"post_tag","embeddable":true,"href":"https:\/\/www.corumbaonline.com.br\/news\/wp-json\/wp\/v2\/tags?post=7106"}],"curies":[{"name":"wp","href":"https:\/\/api.w.org\/{rel}","templated":true}]}}