{"id":7153,"date":"2017-07-24T11:25:35","date_gmt":"2017-07-24T15:25:35","guid":{"rendered":"http:\/\/www.corumbaonline.com.br\/news\/?p=7153"},"modified":"2017-07-24T11:19:04","modified_gmt":"2017-07-24T15:19:04","slug":"bonito-aposta-em-calendario-de-eventos-com-apoio-do-governo-para-aumentar-fluxo-turistico","status":"publish","type":"post","link":"https:\/\/www.corumbaonline.com.br\/news\/bonito-aposta-em-calendario-de-eventos-com-apoio-do-governo-para-aumentar-fluxo-turistico\/","title":{"rendered":"Bonito aposta em calend\u00e1rio de eventos com apoio do Governo para aumentar fluxo tur\u00edstico"},"content":{"rendered":"<p>Com o apoio do Governo do Estado, Bonito est\u00e1 apostando no reaquecimento do turismo no segundo semestre, depois de uma queda acentuada no fluxo de visitantes de janeiro a junho \u2013 em torno de 10% em rela\u00e7\u00e3o ao mesmo per\u00edodo de 2016 -, com os grandes eventos que est\u00e3o programados para este fim de julho, agosto e setembro.<\/p>\n<p>O secret\u00e1rio municipal de Turismo, Augusto Barbosa Mariano, disse que a presen\u00e7a do Estado no munic\u00edpio com obras e parcerias \u201cest\u00e1 sendo de extrema import\u00e2ncia para manter o desenvolvimento do turismo na regi\u00e3o\u201d. Ele citou a garantia dada pelo governo na opera\u00e7\u00e3o do aeroporto estadual, a realiza\u00e7\u00e3o do Festival de Inverno e a recupera\u00e7\u00e3o da estrada tur\u00edstica de acesso \u00e0s pousadas e balne\u00e1rios.<\/p>\n<p>Augusto Mariano acentuou que o trabalho para fomentar o setor e atrair turistas tem sido constante, com o apoio do Governo do Estado e do trade, buscando driblar a crise e garantir a movimenta\u00e7\u00e3o do principal segmento da economia do munic\u00edpio.<\/p>\n<p>\u201cNo turismo, como outros setores, nada se colhe de imediato e as a\u00e7\u00f5es tem que ser ininterruptas, principalmente nesse cen\u00e1rio onde temos uma economia do Pa\u00eds contaminada, onde a participa\u00e7\u00e3o do Governo do Estado \u00e9 fundamental\u201d, disse Mariano.<\/p>\n<div id=\"attachment_150922\" class=\"wp-caption alignnone\"><img loading=\"lazy\" decoding=\"async\" class=\"wp-image-150922 size-large\" src=\"http:\/\/www.ms.gov.br\/wp-content\/uploads\/sites\/150\/2017\/07\/ney-matogrosso-1024x618.jpg\" sizes=\"auto, (max-width: 1024px) 100vw, 1024px\" srcset=\"http:\/\/www.ms.gov.br\/wp-content\/uploads\/sites\/150\/2017\/07\/ney-matogrosso-1024x618.jpg 1024w, http:\/\/www.ms.gov.br\/wp-content\/uploads\/sites\/150\/2017\/07\/ney-matogrosso-300x181.jpg 300w, http:\/\/www.ms.gov.br\/wp-content\/uploads\/sites\/150\/2017\/07\/ney-matogrosso-768x463.jpg 768w, http:\/\/www.ms.gov.br\/wp-content\/uploads\/sites\/150\/2017\/07\/ney-matogrosso.jpg 1572w\" alt=\"\" width=\"1024\" height=\"618\" \/><\/p>\n<p class=\"wp-caption-text\">Canto belavistense Ney Matogrosso ser\u00e1 uma das atra\u00e7\u00f5es nacionais do FIB, de 27 a 30 de julho. Foto: Divulga\u00e7\u00e3o<\/p>\n<\/div>\n<p>Ele demonstra otimismo quando fala do calend\u00e1rio de eventos da cidade previsto a partir da 18\u00aa edi\u00e7\u00e3o do Festival de Inverno, patrocinado pelo Governo do Estado, por meio da secretaria de Cultura. O festival ser\u00e1 realizado no per\u00edodo de 27 a 30 de julho, com a presen\u00e7a de grandes atra\u00e7\u00f5es nacionais e regionais, com mais de 140 atividades culturais.<\/p>\n<p><strong>Motociclismo<\/strong><\/p>\n<p>\u201cOs eventos programados, com certeza, v\u00e3o refletir na recupera\u00e7\u00e3o do nosso fluxo tur\u00edstico, come\u00e7ando com o FIB, a presen\u00e7a de nove aeronaves da Esquadrilha da Fuma\u00e7a, no dia 1\u00ba de agosto; a Feira da Literatura, no dia 14 de agosto; e a passagem do Rally do Sert\u00e3o, que divulgar\u00e1 Bonito e a Serra da Bodoquena para o mundo\u201d, disse o secret\u00e1rio.<\/p>\n<p>As perspectivas para o segundo semestre realmente apontam para um novo momento do turismo bonitense, que padeceu no primeiro semestre, per\u00edodo em que registrou n\u00e3o apenas a redu\u00e7\u00e3o no n\u00famero de visitantes como o consumo per capita no com\u00e9rcio local.<\/p>\n<p>Augusto Mariano informou que a cidade estar\u00e1 sediando, ainda, um encontro nacional de motociclismo na categoria Harley Davison, com a presen\u00e7a de 400 motos, entre os dias 14 e 16 de setembro. Tamb\u00e9m citou o Festival da Guavira, em novembro.<\/p>\n<p>\u201cAl\u00e9m desses eventos, Bonito continua ganhando espa\u00e7os privilegiados na m\u00eddia especializada, como uma edi\u00e7\u00e3o especial da Revista Mergulho, foi mat\u00e9ria no Fant\u00e1stico, recentemente, e agora o V\u00eddeo Show, tamb\u00e9m da Globo, est\u00e1 preparando uma retrospectiva da novela Alma G\u00eamea (2005) em Bonito com a presen\u00e7a da atriz Priscila Fantin\u201d, contou.<\/p>\n<div id=\"attachment_150888\" class=\"wp-caption alignnone\"><img loading=\"lazy\" decoding=\"async\" class=\"wp-image-150888 size-large\" src=\"http:\/\/www.ms.gov.br\/wp-content\/uploads\/sites\/150\/2017\/07\/bonito_estrada-turistica-1024x567.jpg\" sizes=\"auto, (max-width: 1024px) 100vw, 1024px\" srcset=\"http:\/\/www.ms.gov.br\/wp-content\/uploads\/sites\/150\/2017\/07\/bonito_estrada-turistica-1024x567.jpg 1024w, http:\/\/www.ms.gov.br\/wp-content\/uploads\/sites\/150\/2017\/07\/bonito_estrada-turistica-300x166.jpg 300w, http:\/\/www.ms.gov.br\/wp-content\/uploads\/sites\/150\/2017\/07\/bonito_estrada-turistica-768x425.jpg 768w\" alt=\"\" width=\"1024\" height=\"567\" \/><\/p>\n<p class=\"wp-caption-text\"><em>Secret\u00e1rio estadual de Infraestrutura, Marcelo Miglioli, inspeciona servi\u00e7o de restaura\u00e7\u00e3o da estrada tur\u00edstica<\/em>.<\/p>\n<\/div>\n<p><strong>Estrada e feiras<\/strong><\/p>\n<p>O secret\u00e1rio destacou tamb\u00e9m o apoio do Governo do Estado no recapeamento e amplia\u00e7\u00e3o da pista da estrada municipal que liga o centro da cidade \u00e0 Ilha do Padre, segundo maior atrativo (mergulho de bote) mais visitado de Bonito, depois da Gruta do Lago Azul. Falou ainda das parcerias com a Funda\u00e7\u00e3o de Turismo do Estado em feiras nacionais e internacionais.<\/p>\n<p>\u201cA nossa participa\u00e7\u00e3o na feira de Santa Cruz de La Sierra, no in\u00edcio do ano, deu um grande salto no turismo, que passou a receber um grande n\u00famero de bolivianos e tamb\u00e9m paraguaios. Eles n\u00e3o apenas passearam em nossos atrativos como tamb\u00e9m fizeram compras\u201d, explicou Mariano<\/p>\n<p>A prefeitura local, segundo ele, implementa, desde 2009, uma folhetagem em espanhol com operadores destes pa\u00edses visando atrair turistas latino-americanos e de outros continentes.<\/p>\n<p>Principal receita da economia do munic\u00edpio, o turismo injeta anualmente R$ 150 milh\u00f5es (o dobro do or\u00e7amento da prefeitura) e em 2016 Bonito recebeu 230 mil turistas. O setor emprega nove mil trabalhadores diretos e indiretos.<\/p>\n","protected":false},"excerpt":{"rendered":"<p>Com o apoio do Governo do Estado, Bonito est\u00e1 apostando no reaquecimento do turismo no&#8230;<\/p>\n","protected":false},"author":1,"featured_media":7154,"comment_status":"closed","ping_status":"closed","sticky":false,"template":"","format":"standard","meta":{"footnotes":""},"categories":[23],"tags":[],"class_list":["post-7153","post","type-post","status-publish","format-standard","has-post-thumbnail","hentry","category-turismo"],"_links":{"self":[{"href":"https:\/\/www.corumbaonline.com.br\/news\/wp-json\/wp\/v2\/posts\/7153","targetHints":{"allow":["GET"]}}],"collection":[{"href":"https:\/\/www.corumbaonline.com.br\/news\/wp-json\/wp\/v2\/posts"}],"about":[{"href":"https:\/\/www.corumbaonline.com.br\/news\/wp-json\/wp\/v2\/types\/post"}],"author":[{"embeddable":true,"href":"https:\/\/www.corumbaonline.com.br\/news\/wp-json\/wp\/v2\/users\/1"}],"replies":[{"embeddable":true,"href":"https:\/\/www.corumbaonline.com.br\/news\/wp-json\/wp\/v2\/comments?post=7153"}],"version-history":[{"count":1,"href":"https:\/\/www.corumbaonline.com.br\/news\/wp-json\/wp\/v2\/posts\/7153\/revisions"}],"predecessor-version":[{"id":7155,"href":"https:\/\/www.corumbaonline.com.br\/news\/wp-json\/wp\/v2\/posts\/7153\/revisions\/7155"}],"wp:featuredmedia":[{"embeddable":true,"href":"https:\/\/www.corumbaonline.com.br\/news\/wp-json\/wp\/v2\/media\/7154"}],"wp:attachment":[{"href":"https:\/\/www.corumbaonline.com.br\/news\/wp-json\/wp\/v2\/media?parent=7153"}],"wp:term":[{"taxonomy":"category","embeddable":true,"href":"https:\/\/www.corumbaonline.com.br\/news\/wp-json\/wp\/v2\/categories?post=7153"},{"taxonomy":"post_tag","embeddable":true,"href":"https:\/\/www.corumbaonline.com.br\/news\/wp-json\/wp\/v2\/tags?post=7153"}],"curies":[{"name":"wp","href":"https:\/\/api.w.org\/{rel}","templated":true}]}}