{"id":7317,"date":"2017-07-27T09:10:44","date_gmt":"2017-07-27T13:10:44","guid":{"rendered":"http:\/\/www.corumbaonline.com.br\/news\/?p=7317"},"modified":"2017-07-27T10:03:22","modified_gmt":"2017-07-27T14:03:22","slug":"mtur-promove-seminario-em-corumba-como-sequencia-as-acoes-do-sao-joao","status":"publish","type":"post","link":"https:\/\/www.corumbaonline.com.br\/news\/mtur-promove-seminario-em-corumba-como-sequencia-as-acoes-do-sao-joao\/","title":{"rendered":"MTur promove semin\u00e1rio em Corumb\u00e1 como sequ\u00eancia \u00e0s a\u00e7\u00f5es do S\u00e3o Jo\u00e3o"},"content":{"rendered":"<p>Prosseguindo com as a\u00e7\u00f5es realizadas em Corumb\u00e1, o Minist\u00e9rio do Turismo est\u00e1 propondo ao Munic\u00edpio a realiza\u00e7\u00e3o de Semin\u00e1rio de Promo\u00e7\u00e3o e Qualifica\u00e7\u00e3o. Na oportunidade, t\u00e9cnicos do MTur estar\u00e3o na cidade com a finalidade de identificar suas necessidades nas \u00e1reas de promo\u00e7\u00e3o e qualifica\u00e7\u00e3o do turismo. Eles v\u00e3o apresentar temas e oportunidades existentes no Minist\u00e9rio do Turismo, al\u00e9m de fornecerem retorno sobre as a\u00e7\u00f5es promocionais relacionadas a festejos juninos j\u00e1 realizadas.<\/p>\n<p>&nbsp;<\/p>\n<p>A proposta est\u00e1 sendo feita aos cinco munic\u00edpios selecionados pelo Edital de Chamada P\u00fablica MTur\/Embratur n\u00ba 001\/2017, que receberam destaque nacional do MTur atrav\u00e9s de\u00a0<em>Press Trip<\/em>\u00a0realizada durante os festejos juninos. Jornalistas indicados pelo Minist\u00e9rio compareceram ao Arraial do Banho de S\u00e3o Jo\u00e3o deste ano para fazer divulga\u00e7\u00e3o do evento em \u00e2mbito nacional. Al\u00e9m disso, o MTur promoveu a festa destacando o evento antes de acontecer.<\/p>\n<p>&nbsp;<\/p>\n<p>Visando uma eventual participa\u00e7\u00e3o na\u00a0Feira das Am\u00e9ricas 2017 \u2013 ABAV, prevista para ser realizada de 27 a 29 de setembro em S\u00e3o Paulo, caber\u00e1 tamb\u00e9m ao Minist\u00e9rio realizar capacita\u00e7\u00e3o para os empres\u00e1rios locais durante o semin\u00e1rio. Essa capacita\u00e7\u00e3o ser\u00e1 oferecida \u00e0queles que pretendem participar desse encontro de neg\u00f3cios a ser realizado entre receptivos e operadoras de turismo.<\/p>\n<p>&nbsp;<\/p>\n<p>O Semin\u00e1rio de Promo\u00e7\u00e3o e Qualifica\u00e7\u00e3o ser\u00e1 realizado em Corumb\u00e1 no dia 29 de agosto, das 09h \u00e0s 18 horas. Os empres\u00e1rios interessados em participar da Feira das Am\u00e9ricas 2017 \u2013 ABAV podem participar do minicurso que ser\u00e1 oferecido na oportunidade. Na ocasi\u00e3o, ser\u00e1 dado retorno sobre as a\u00e7\u00f5es de festejos juninos realizados pelo Minist\u00e9rio do Turismo. O \u00f3rg\u00e3o nacional promover\u00e1 tamb\u00e9m orienta\u00e7\u00e3o de como diferenciar o produto tur\u00edstico do produto convencional e introduzir os conceitos de segmenta\u00e7\u00e3o, turismo de experi\u00eancias e inova\u00e7\u00e3o.<\/p>\n<p>&nbsp;<\/p>\n<p>Ainda no evento, ser\u00e1 exposto o Cadastur, a fim de sensibilizar os participantes e apresentar meio para motivar a formaliza\u00e7\u00e3o dos prestadores de servi\u00e7os tur\u00edsticos. Ser\u00e3o apresentadas oportunidades existentes para qualifica\u00e7\u00e3o de prestadores de servi\u00e7os tur\u00edsticos, em especial nas iniciativas do Bolsa-Forma\u00e7\u00e3o e Brasil Bra\u00e7os Abertos. Ser\u00e3o identificados os principais gargalos e necessidades do Munic\u00edpio relacionadas \u00e0 promo\u00e7\u00e3o e qualifica\u00e7\u00e3o, bem como ao festejo junino.<\/p>\n<p>&nbsp;<\/p>\n<p>Podem participar do semin\u00e1rio todos os t\u00e9cnicos da Funda\u00e7\u00e3o de Turismo do Pantanal, da Funda\u00e7\u00e3o de Turismo de Mato Grosso do Sul, representantes do Sebrae e Senac, de entidades representativas do setor tur\u00edstico e dos prestadores de servi\u00e7os tur\u00edsticos, e representantes de empresas que prestam servi\u00e7os tur\u00edsticos, t\u00e9cnicos e associa\u00e7\u00f5es locais relacionadas aos festejos juninos.<\/p>\n","protected":false},"excerpt":{"rendered":"<p>Prosseguindo com as a\u00e7\u00f5es realizadas em Corumb\u00e1, o Minist\u00e9rio do Turismo est\u00e1 propondo ao Munic\u00edpio&#8230;<\/p>\n","protected":false},"author":1,"featured_media":0,"comment_status":"closed","ping_status":"closed","sticky":false,"template":"","format":"standard","meta":{"footnotes":""},"categories":[23],"tags":[],"class_list":["post-7317","post","type-post","status-publish","format-standard","hentry","category-turismo"],"_links":{"self":[{"href":"https:\/\/www.corumbaonline.com.br\/news\/wp-json\/wp\/v2\/posts\/7317","targetHints":{"allow":["GET"]}}],"collection":[{"href":"https:\/\/www.corumbaonline.com.br\/news\/wp-json\/wp\/v2\/posts"}],"about":[{"href":"https:\/\/www.corumbaonline.com.br\/news\/wp-json\/wp\/v2\/types\/post"}],"author":[{"embeddable":true,"href":"https:\/\/www.corumbaonline.com.br\/news\/wp-json\/wp\/v2\/users\/1"}],"replies":[{"embeddable":true,"href":"https:\/\/www.corumbaonline.com.br\/news\/wp-json\/wp\/v2\/comments?post=7317"}],"version-history":[{"count":1,"href":"https:\/\/www.corumbaonline.com.br\/news\/wp-json\/wp\/v2\/posts\/7317\/revisions"}],"predecessor-version":[{"id":7318,"href":"https:\/\/www.corumbaonline.com.br\/news\/wp-json\/wp\/v2\/posts\/7317\/revisions\/7318"}],"wp:attachment":[{"href":"https:\/\/www.corumbaonline.com.br\/news\/wp-json\/wp\/v2\/media?parent=7317"}],"wp:term":[{"taxonomy":"category","embeddable":true,"href":"https:\/\/www.corumbaonline.com.br\/news\/wp-json\/wp\/v2\/categories?post=7317"},{"taxonomy":"post_tag","embeddable":true,"href":"https:\/\/www.corumbaonline.com.br\/news\/wp-json\/wp\/v2\/tags?post=7317"}],"curies":[{"name":"wp","href":"https:\/\/api.w.org\/{rel}","templated":true}]}}