{"id":7931,"date":"2017-08-11T09:35:41","date_gmt":"2017-08-11T13:35:41","guid":{"rendered":"http:\/\/www.corumbaonline.com.br\/news\/?p=7931"},"modified":"2017-08-11T10:00:16","modified_gmt":"2017-08-11T14:00:16","slug":"fachin-decide-nao-incluir-temer-em-inquerito-que-investiga-integrantes-do-pmdb","status":"publish","type":"post","link":"https:\/\/www.corumbaonline.com.br\/news\/fachin-decide-nao-incluir-temer-em-inquerito-que-investiga-integrantes-do-pmdb\/","title":{"rendered":"Fachin decide n\u00e3o incluir Temer em inqu\u00e9rito que investiga integrantes do PMDB"},"content":{"rendered":"<p>O ministro do Supremo Tribunal Federal (STF) Edson Fachin decidiu hoje (10) n\u00e3o incluir o presidente Michel Temer no inqu\u00e9rito que investiga integrantes do PMDB da C\u00e2mara dos Deputados no \u00e2mbito da Opera\u00e7\u00e3o Lava Jato. O pedido foi feito pelo procurador-geral da Rep\u00fablica, Rodrigo Janot.<\/p>\n<p>Na decis\u00e3o, Fachin entendeu que o presidente j\u00e1 \u00e9 investigado pelo crime de organiza\u00e7\u00e3o criminosa no inqu\u00e9rito que foi aberto pelo Supremo a partir das dela\u00e7\u00f5es da JBS, sendo \u201cdesnecess\u00e1ria\u201d a inclus\u00e3o de Temer em outro inqu\u00e9rito.<\/p>\n<p>O pedido para incluir o presidente no inqu\u00e9rito que investiga o PMDB havia sido feito pela Pol\u00edcia Federal (PF), o que levou Fachin a solicitar a manifesta\u00e7\u00e3o de Janot sobre o assunto. O procurador-geral da Rep\u00fablica disse que a organiza\u00e7\u00e3o criminosa que permitiu ao presidente cometer os crimes pelo qual foi denunciado no Inqu\u00e9rito 4.483 (em que Temer foi denunciado por corrup\u00e7\u00e3o passiva e est\u00e1 suspenso ap\u00f3s a continuidade do processo n\u00e3o ter sido aprovada na C\u00e2mara dos Deputados), na verdade, estaria inserida no contexto maior da Lava Jato.<\/p>\n<p>O inqu\u00e9rito sobre o PMDB tem, no momento, 15 investigados, entre eles, o deputado cassado Eduardo Cunha (PMDB-RJ) e o ex-ministro Henrique Eduardo Alves.<\/p>\n","protected":false},"excerpt":{"rendered":"<p>O ministro do Supremo Tribunal Federal (STF) Edson Fachin decidiu hoje (10) n\u00e3o incluir o&#8230;<\/p>\n","protected":false},"author":1,"featured_media":0,"comment_status":"closed","ping_status":"closed","sticky":false,"template":"","format":"standard","meta":{"footnotes":""},"categories":[19],"tags":[],"class_list":["post-7931","post","type-post","status-publish","format-standard","hentry","category-politica"],"_links":{"self":[{"href":"https:\/\/www.corumbaonline.com.br\/news\/wp-json\/wp\/v2\/posts\/7931","targetHints":{"allow":["GET"]}}],"collection":[{"href":"https:\/\/www.corumbaonline.com.br\/news\/wp-json\/wp\/v2\/posts"}],"about":[{"href":"https:\/\/www.corumbaonline.com.br\/news\/wp-json\/wp\/v2\/types\/post"}],"author":[{"embeddable":true,"href":"https:\/\/www.corumbaonline.com.br\/news\/wp-json\/wp\/v2\/users\/1"}],"replies":[{"embeddable":true,"href":"https:\/\/www.corumbaonline.com.br\/news\/wp-json\/wp\/v2\/comments?post=7931"}],"version-history":[{"count":1,"href":"https:\/\/www.corumbaonline.com.br\/news\/wp-json\/wp\/v2\/posts\/7931\/revisions"}],"predecessor-version":[{"id":7932,"href":"https:\/\/www.corumbaonline.com.br\/news\/wp-json\/wp\/v2\/posts\/7931\/revisions\/7932"}],"wp:attachment":[{"href":"https:\/\/www.corumbaonline.com.br\/news\/wp-json\/wp\/v2\/media?parent=7931"}],"wp:term":[{"taxonomy":"category","embeddable":true,"href":"https:\/\/www.corumbaonline.com.br\/news\/wp-json\/wp\/v2\/categories?post=7931"},{"taxonomy":"post_tag","embeddable":true,"href":"https:\/\/www.corumbaonline.com.br\/news\/wp-json\/wp\/v2\/tags?post=7931"}],"curies":[{"name":"wp","href":"https:\/\/api.w.org\/{rel}","templated":true}]}}