{"id":7956,"date":"2017-08-11T14:36:29","date_gmt":"2017-08-11T18:36:29","guid":{"rendered":"http:\/\/www.corumbaonline.com.br\/news\/?p=7956"},"modified":"2017-08-11T14:36:29","modified_gmt":"2017-08-11T18:36:29","slug":"ruiter-defende-uniao-para-corumba-recuperar-representatividade-politica","status":"publish","type":"post","link":"https:\/\/www.corumbaonline.com.br\/news\/ruiter-defende-uniao-para-corumba-recuperar-representatividade-politica\/","title":{"rendered":"Ruiter defende uni\u00e3o para Corumb\u00e1 recuperar representatividade pol\u00edtica"},"content":{"rendered":"<p>O prefeito Ruiter Cunha de Oliveira defendeu a uni\u00e3o, o amplo debate de ideias e o engajamento dos poderes Executivo e Legislativo para que Corumb\u00e1 recupere a representatividade pol\u00edtica que a cidade precisa. E, segundo o prefeito, o primeiro passo foi dado nesta sexta-feira, 11 de agosto, com a realiza\u00e7\u00e3o do Pacto por Corumb\u00e1, promovido pela C\u00e2mara de Vereadores.<\/p>\n<p>&nbsp;<\/p>\n<p>\u201cEsse \u00e9 o primeiro passo dado e tamb\u00e9m o mais importante. Essa discuss\u00e3o tinha que come\u00e7ar por essa Casa, que \u00e9 sim a Casa do Povo\u201d, refor\u00e7ou Ruiter. O objetivo principal do evento foi iniciar uma ampla articula\u00e7\u00e3o para que a cidade possa eleger, em 2018, representantes na Assembl\u00e9ia Estadual e na C\u00e2mara dos Deputados.<\/p>\n<p>&nbsp;<\/p>\n<p>O prefeito de Corumb\u00e1 acrescentou ainda que outros setores da sociedade precisam ser envolvidos nesse processo de amadurecimento pol\u00edtico. \u201cTemos que entender que, se quisermos desenvolvimento, crescimento e uma cidade melhor, precisamos ter representatividade em Campo Grande e, porque n\u00e3o, em Bras\u00edlia\u201d, enfatizou.<\/p>\n<p>&nbsp;<\/p>\n<p>Ruiter destacou tamb\u00e9m que os interesses da regi\u00e3o, do povo corumbaense e ladarense, devem prevalecer mesmo diante da disputa Estadual. \u201cSe tiverem duas for\u00e7as disputando o Governo do Estado, admitindo que essas duas for\u00e7as ter\u00e3o representantes aqui (na C\u00e2mara) e no Executivo, que a gente possa diferenciar isso, esquecer essa disputa em cima e acordar em baixo\u201d.<\/p>\n<p>&nbsp;<\/p>\n<p>O chefe do Executivo colocou-se \u00e0 disposi\u00e7\u00e3o para auxiliar nesse entendimento. \u201cO que estou dizendo aqui \u00e9: se h\u00e1 um candidato da situa\u00e7\u00e3o que estamos e que seja forte e que tenha outro candidato com condi\u00e7\u00e3o de ganhar e esteja em outra condi\u00e7\u00e3o pol\u00edtica, da gente tamb\u00e9m ajudar esse outro candidato que est\u00e1 na oposi\u00e7\u00e3o. Quero me colocar a disposi\u00e7\u00e3o pra isso, para construir esse processo\u201d, concluiu Ruiter.<\/p>\n<p>&nbsp;<\/p>\n<p>O chefe do Executivo colocou-se \u00e0 disposi\u00e7\u00e3o para auxiliar nesse entendimento. \u201cSe h\u00e1 um candidato forte da situa\u00e7\u00e3o e se houver outro candidato com condi\u00e7\u00e3o de ganhar e que esteja em outra condi\u00e7\u00e3o pol\u00edtica, tamb\u00e9m podemos ajudar esse outro candidato da oposi\u00e7\u00e3o. Quero me colocar \u00e0 disposi\u00e7\u00e3o pra isso, para construir esse processo\u201d, concluiu Ruiter.<\/p>\n<p>&nbsp;<\/p>\n<p>Presidente do Legislativo Municipal, o vereador Evander Vendramini lembrou que nas elei\u00e7\u00f5es de 2014, Corumb\u00e1 teve 12 candidatos a deputado estadual e nenhum foi eleito. O atual prefeito, Ruiter Cunha de Oliveira, o atual vice-prefeito, Marcelo Iunes, foram os mais votados da regi\u00e3o e ficaram como suplentes de suas coliga\u00e7\u00f5es.<\/p>\n<p>&nbsp;<\/p>\n<p>\u201cAl\u00e9m da grande quantidade de candidatos, 35% dos votos de Corumb\u00e1 foram pra candidatos de fora. Ent\u00e3o precisamos criar condi\u00e7\u00f5es da cidade ter representantes na Assembleia\u201d, afirmou. Todos os 15 vereadores participaram do evento.<\/p>\n<p>&nbsp;<\/p>\n<p>Os vereadores Domingos Albaneze, Roberto Fa\u00e7anha, Luciano Costa, Manoel Rodrigues, Irailton Oliveira Santana, o Baianinho, Francisco Vianna, o Chic\u00e3o, Tadeu Vieira, e Andr\u00e9 Fernandes, o Andr\u00e9 da Farm\u00e1cia, usaram a palavra e defenderam o Pacto por Corumb\u00e1.<\/p>\n","protected":false},"excerpt":{"rendered":"<p>O prefeito Ruiter Cunha de Oliveira defendeu a uni\u00e3o, o amplo debate de ideias e&#8230;<\/p>\n","protected":false},"author":1,"featured_media":7957,"comment_status":"closed","ping_status":"closed","sticky":false,"template":"","format":"standard","meta":{"footnotes":""},"categories":[8,19],"tags":[],"class_list":["post-7956","post","type-post","status-publish","format-standard","has-post-thumbnail","hentry","category-destaque","category-politica"],"_links":{"self":[{"href":"https:\/\/www.corumbaonline.com.br\/news\/wp-json\/wp\/v2\/posts\/7956","targetHints":{"allow":["GET"]}}],"collection":[{"href":"https:\/\/www.corumbaonline.com.br\/news\/wp-json\/wp\/v2\/posts"}],"about":[{"href":"https:\/\/www.corumbaonline.com.br\/news\/wp-json\/wp\/v2\/types\/post"}],"author":[{"embeddable":true,"href":"https:\/\/www.corumbaonline.com.br\/news\/wp-json\/wp\/v2\/users\/1"}],"replies":[{"embeddable":true,"href":"https:\/\/www.corumbaonline.com.br\/news\/wp-json\/wp\/v2\/comments?post=7956"}],"version-history":[{"count":1,"href":"https:\/\/www.corumbaonline.com.br\/news\/wp-json\/wp\/v2\/posts\/7956\/revisions"}],"predecessor-version":[{"id":7958,"href":"https:\/\/www.corumbaonline.com.br\/news\/wp-json\/wp\/v2\/posts\/7956\/revisions\/7958"}],"wp:featuredmedia":[{"embeddable":true,"href":"https:\/\/www.corumbaonline.com.br\/news\/wp-json\/wp\/v2\/media\/7957"}],"wp:attachment":[{"href":"https:\/\/www.corumbaonline.com.br\/news\/wp-json\/wp\/v2\/media?parent=7956"}],"wp:term":[{"taxonomy":"category","embeddable":true,"href":"https:\/\/www.corumbaonline.com.br\/news\/wp-json\/wp\/v2\/categories?post=7956"},{"taxonomy":"post_tag","embeddable":true,"href":"https:\/\/www.corumbaonline.com.br\/news\/wp-json\/wp\/v2\/tags?post=7956"}],"curies":[{"name":"wp","href":"https:\/\/api.w.org\/{rel}","templated":true}]}}