{"id":7986,"date":"2017-08-14T10:45:31","date_gmt":"2017-08-14T14:45:31","guid":{"rendered":"http:\/\/www.corumbaonline.com.br\/news\/?p=7986"},"modified":"2017-08-14T10:56:06","modified_gmt":"2017-08-14T14:56:06","slug":"quando-deus-criou-o-mundo-comecou-pela-serra-do-amolar","status":"publish","type":"post","link":"https:\/\/www.corumbaonline.com.br\/news\/quando-deus-criou-o-mundo-comecou-pela-serra-do-amolar\/","title":{"rendered":"\u201cQuando Deus criou o mundo, come\u00e7ou pela Serra do Amolar\u201d"},"content":{"rendered":"<p>A presen\u00e7a da m\u00e3o divina na forma\u00e7\u00e3o da majestosa e incompar\u00e1vel Serra do Amolar, morraria em arenito que se estende por 80 quil\u00f4metros na plan\u00edcie pantaneira, entre Corumb\u00e1 (MS), C\u00e1ceres (MT) e a fronteira com a Bol\u00edvia, foi uma das sensa\u00e7\u00f5es que o premiado diretor de cinema e cineasta alem\u00e3o Sylvestre Campe sentiu ao sobrevoar um lugar m\u00edstico, que transborda beleza e muita energia.<\/p>\n<p>Experiente viajante do mundo, Campe se encantou com a paisagem da morraria ao sobrevoa-la durante quatro dias a bordo do seu paramotor, uma pequena engenhoca que se assemelha a um parapente, onde a pessoa navega com um motor e uma grande h\u00e9lice \u00e0s costas. Ele documentou a regi\u00e3o para um especial que exibir\u00e1 em outubro no seu programa \u201cA\u00e9reas\u201d, no canal Off.<\/p>\n<p>\u201c\u00c9 um dos lugares mais belos do mundo\u201d, disse o alem\u00e3o radicado h\u00e1 mais de 20 anos no Brasil. \u201cImagino que Deus come\u00e7ou a criar o mundo colocando aquela parede, a serra magn\u00edfica, encheu com \u00e1gua e plantas, chamou os bichos e ent\u00e3o formou o Pantanal, que amo tanto\u201d, declarou, emocionado, ao se encontrar com as crian\u00e7as do Moinho Cultural Sul-Americano, em Corumb\u00e1.<\/p>\n<p><strong>Um lugar selvagem e \u00fanico<\/strong><\/p>\n<p>A Serra do Amolar n\u00e3o deslumbrou apenas Sylvestre Campe. Distante (cerca de 200 km ao norte de Corumb\u00e1 pelo Rio Paraguai ou 50 minutos de voo em um monomotor), \u00e9 uma regi\u00e3o isolado, misterioso e encantador, que come\u00e7a a despertar o turismo de contempla\u00e7\u00e3o. Os \u00edndios guat\u00f3, ancestrais habitantes da regi\u00e3o, acreditam que a Ilha \u00cdnsua, onde vivem, cercada por aquelas montanas, \u00e9 o centro do mundo.<\/p>\n<div class=\"dn_imagemComLegenda full\"><img decoding=\"async\" src=\"http:\/\/www.lugares.eco.br\/upload\/images\/amolar_sylvestre%20campe.jpg\" alt=\"\" \/><small class=\"dn_legendaImg\">Passeio dos paramotores pelo Rio Paraguai, tento ao fundo um dos morros da Serra do Amolar<\/small><\/div>\n<p>O dif\u00edcil acesso e sua complexa forma\u00e7\u00e3o, cercada por rios, lagoas, campos alagados o ano inteiro e uma vegeta\u00e7\u00e3o influenciada pela Amaz\u00f4nia e o Chaco, a torna um lugar \u201conde os homens precisam viver em simbiose com as suas \u00e1guas\u201d, conforme define artigo publicado no site da Ong Ecoa.<\/p>\n<p>Suas montanas ajudam, de certa forma, a represar a \u00e1gua, originando a forma\u00e7\u00e3o de grandes ba\u00edas \u2013 Infinita e do Burro \u2013 e as tr\u00eas grandes lagoas do ecossistema \u2013 Mandior\u00e9, Ga\u00edva e Uberaba, a maior delas, onde habitam os \u00faltimos remanescentes dos guat\u00f3, os quais retornaram \u00e0s suas terras depois de serem expulsos delas na metade do s\u00e9culo passado.<\/p>\n<p>Amolar tamb\u00e9m abriga um dos maiores corredores ecol\u00f3gicos, de quase 300 mil hectares, formado pelas RPPNs (Reserva Particular do Patrim\u00f4nio Natural) Novos Dourados, Acurizal, Penha, Doroch\u00ea e Rumo Oeste, Parque Nacional do Pantanal (em Pocon\u00e9, MT) e seis fazendas que pleiteiam se transformar em unidades de conserva\u00e7\u00e3o.<\/p>\n<p>Seu entorno tem reconhecida import\u00e2ncia do ponto de vista da diversidade biol\u00f3gica e foi considerada \u00e1rea priorit\u00e1ria para conserva\u00e7\u00e3o, pelo Minist\u00e9rio do Meio Ambiente. Guarda vest\u00edgios arqueol\u00f3gicos de povos que viveram ali h\u00e1 oito mil anos. Antes da chegada dos colonizadores europeus, era habitada pelos \u00edndios bororo, chamacoco, paiagu\u00e1, chan\u00e9 e terena.<\/p>\n<p><strong>Um \u201cbrinquedo\u201d que me viciou<\/strong><\/p>\n<p>O olhar de Sylvestre Campe para este lugar mostra a sensibilidade de um homem que j\u00e1 passou por tantas experi\u00eancias espetaculares ao redor do mundo e se curva diante de sua magnitude. As imagens igualmente especulares que captou certamente se propagar\u00e3o pelo planeta, potencializando uma regi\u00e3o que desponta para o turismo de viv\u00eancia com a natureza, aventuras e de esportes radicais.<\/p>\n<div class=\"dn_imagemComLegenda iclEsquerda\"><img decoding=\"async\" src=\"http:\/\/www.lugares.eco.br\/upload\/images\/amolar_sylvestre%20campe2.jpg\" alt=\"\" \/><small class=\"dn_legendaImg\">No vale da Serra, vit\u00f3ria-r\u00e9gia e muito verde<\/small><\/div>\n<p>No seu programa no canal Off, o cineasta alem\u00e3o exibe imagens a\u00e9reas in\u00e9ditas, paisagens diversificadas e todos os obst\u00e1culos que enfrenta em suas aventuras nos lugares mais remotos do mundo. Ele chama seu paramotor de \u201cbrinquedo\u201d, e tem raz\u00e3o: o aparelho \u00e9 desmont\u00e1vel e cabe numa mala, totalmente adaptado ao estilo do dono.<\/p>\n<p>\u201cMe viciei nesse brinquedo, onde vou levo junto\u201d, diz ele, se orgulhando do que faz, em entrevista \u00e0 TV Morena. O paramotor, tamb\u00e9m conhecido como \u201cparafly\u201d, \u00e9 hoje um aparelho valorizado no mercado, depois que o piloto Ramon Morillas Salmer\u00f3n bateu o recorde do mundo de travessia em um modelo, ao completar um voo de 1.105 km entre Jerez de la Frontera e Lanzarote, na Espanha, em 23 de abril de 2007.<\/p>\n<p>Existem v\u00e1rios tipos de motores para o paramotor, desde pequenos, para pessoas de pouco peso (55 kg aproximadamente de impulso), a mais poderosos, para realizar voos em dupla (piloto e acompanhante, normalmente de 120 a 150 kg de impulso). Os mais usados atualmente s\u00e3o motores de dois tempos, porque, para implementar com motores de quatro tempos, ficaria pesado demais.<\/p>\n<p>Campe passou grande parte de sua adolesc\u00eancia com a fam\u00edlia em um veleiro, viajando ao redor do mundo. O pai cineasta sustentava a fam\u00edlia produzindo document\u00e1rios. Como filho mais velho, Sylvestre ajudava o pai operando o som e a c\u00e2mera, al\u00e9m de tripular o barco. Desembarcou nos EUA, onde estudou cinema, e ap\u00f3s formar-se escolheu o Brasil para viver e trabalhar desde 1990.<\/p>\n<div class=\"dn_imagemComLegenda full\"><img decoding=\"async\" src=\"http:\/\/www.lugares.eco.br\/upload\/images\/amolar_sylvestre%20campe6.jpg\" alt=\"\" \/><small class=\"dn_legendaImg\">Sylvestre Campe visitou o Pantanal pela segunda dez e quer voltar em busca de novas experi\u00eancias e imagens<\/small><\/div>\n<p><strong>Quem vive aqui deve se orgulhar<\/strong><\/p>\n<p>No seu programa, al\u00e9m de protagonista, ele \u00e9 tamb\u00e9m o diretor de fotografia e especialista em filmagens em montanhas de gelo e rocha. Seu sobrevoo na Serra da Amolar estava programado para dois dias, mas ele ficou quatro. \u201c\u00c9 um dos lugares mais belos do mundo\u201d, comenta, ao contemplar a morraria vista de cima.<\/p>\n<p>Suas imagens da regi\u00e3o s\u00e3o impressionantes, diz o coronel reformado \u00c2ngelo Rabelo, presidente do Instituto Homem Pantaneiro (IHP), \u00a0ong que deu suporte \u00e0 expedi\u00e7\u00e3o do cineasta. As filmagens come\u00e7aram no Pantanal de Pocon\u00e9 e no dia 6 o grupo chegou \u00e0 pousada Acurizal, uma RPPN, que fica no centro da Serra do Amolar. Campe trouxe 13 pilotos para voar com ele.<\/p>\n<p>Al\u00e9m da morraria, as filmagens at\u00e9 Corumb\u00e1 inclu\u00edram outros ambientes naturais, como os alagados da Pousada S\u00e3o Pedro, e se encerraram no hist\u00f3rico Forte Coimbra. Numa pausa pela cidade, Sylvestre Campe visitou o Moinho Cultural Sul-Americano, escola que abrigas crian\u00e7as brasileiras e bolivianas, e ali falou de seu projeto e pilotou o paramotor, interagindo e se divertindo com as crian\u00e7as.<\/p>\n<p>\u201cQuem vive aqui (no Pantanal) deve sentir muito orgulho\u201d, completa Campe. Sua presen\u00e7a na escola, segundo a presidente do IHP, M\u00e1rcia Rolon, foi um presente para os alunos: \u201cuma troca de experi\u00eancia fant\u00e1stica compartilhar com uma pessoa que olha o mundo de outra maneira e valoriza e reconhece que vivemos num lugar especial\u201d.<\/p>\n","protected":false},"excerpt":{"rendered":"<p>A presen\u00e7a da m\u00e3o divina na forma\u00e7\u00e3o da majestosa e incompar\u00e1vel Serra do Amolar, morraria&#8230;<\/p>\n","protected":false},"author":1,"featured_media":7987,"comment_status":"closed","ping_status":"closed","sticky":false,"template":"","format":"standard","meta":{"footnotes":""},"categories":[8,23],"tags":[],"class_list":["post-7986","post","type-post","status-publish","format-standard","has-post-thumbnail","hentry","category-destaque","category-turismo"],"_links":{"self":[{"href":"https:\/\/www.corumbaonline.com.br\/news\/wp-json\/wp\/v2\/posts\/7986","targetHints":{"allow":["GET"]}}],"collection":[{"href":"https:\/\/www.corumbaonline.com.br\/news\/wp-json\/wp\/v2\/posts"}],"about":[{"href":"https:\/\/www.corumbaonline.com.br\/news\/wp-json\/wp\/v2\/types\/post"}],"author":[{"embeddable":true,"href":"https:\/\/www.corumbaonline.com.br\/news\/wp-json\/wp\/v2\/users\/1"}],"replies":[{"embeddable":true,"href":"https:\/\/www.corumbaonline.com.br\/news\/wp-json\/wp\/v2\/comments?post=7986"}],"version-history":[{"count":1,"href":"https:\/\/www.corumbaonline.com.br\/news\/wp-json\/wp\/v2\/posts\/7986\/revisions"}],"predecessor-version":[{"id":7988,"href":"https:\/\/www.corumbaonline.com.br\/news\/wp-json\/wp\/v2\/posts\/7986\/revisions\/7988"}],"wp:featuredmedia":[{"embeddable":true,"href":"https:\/\/www.corumbaonline.com.br\/news\/wp-json\/wp\/v2\/media\/7987"}],"wp:attachment":[{"href":"https:\/\/www.corumbaonline.com.br\/news\/wp-json\/wp\/v2\/media?parent=7986"}],"wp:term":[{"taxonomy":"category","embeddable":true,"href":"https:\/\/www.corumbaonline.com.br\/news\/wp-json\/wp\/v2\/categories?post=7986"},{"taxonomy":"post_tag","embeddable":true,"href":"https:\/\/www.corumbaonline.com.br\/news\/wp-json\/wp\/v2\/tags?post=7986"}],"curies":[{"name":"wp","href":"https:\/\/api.w.org\/{rel}","templated":true}]}}