{"id":8012,"date":"2017-08-15T08:31:08","date_gmt":"2017-08-15T12:31:08","guid":{"rendered":"http:\/\/www.corumbaonline.com.br\/news\/?p=8012"},"modified":"2017-08-15T09:15:22","modified_gmt":"2017-08-15T13:15:22","slug":"conferencia-macrorregional-discute-propostas-de-melhoria-na-vigilancia-em-saude","status":"publish","type":"post","link":"https:\/\/www.corumbaonline.com.br\/news\/conferencia-macrorregional-discute-propostas-de-melhoria-na-vigilancia-em-saude\/","title":{"rendered":"Confer\u00eancia Macrorregional discute propostas de melhoria na Vigil\u00e2ncia em Sa\u00fade"},"content":{"rendered":"<p>A 1\u00aa Confer\u00eancia Macrorregional de Corumb\u00e1 de Vigil\u00e2ncia em Sa\u00fade acontece esta semana, nos dias 17 e 18 de agosto. A Pol\u00edtica Nacional de Vigil\u00e2ncia em Sa\u00fade e o fortalecimento do SUS como direito \u00e0 prote\u00e7\u00e3o e promo\u00e7\u00e3o de sa\u00fade ao povo brasileiro ser\u00e3o discutidos pelos conferencistas em quatro subeixos. A finalidade \u00e9 formular propostas para a confer\u00eancia estadual que posteriormente ser\u00e3o encaminhadas \u00e0 1\u00aa Confer\u00eancia Nacional de Vigil\u00e2ncia em Sa\u00fade (CNVS). O evento em Corumb\u00e1 ser\u00e1 realizado no Centro de Conven\u00e7\u00f5es Miguel Gomez, com abertura \u00e0s 13 horas para credenciamento de participantes. A confer\u00eancia \u00e9 organizada pelos munic\u00edpios de Corumb\u00e1 e Lad\u00e1rio, atrav\u00e9s de suas Ger\u00eancias de Vigil\u00e2ncia em Sa\u00fade, junto com os Conselhos Municipais de Sa\u00fade.<\/p>\n<p>&nbsp;<\/p>\n<p>Para melhor aproveitamento dos debates na Macrorregional, os promotores do evento organizaram seis confer\u00eancias livres durantes os meses de julho e agosto. Foram ouvidas propostas de moradores da zona rural, de trabalhadores em sa\u00fade, movimentos sociais, empresas privadas, conselhos, universidades, escolas, Poder Legislativo, associa\u00e7\u00f5es e popula\u00e7\u00e3o em geral. Esse mesmo p\u00fablico poder\u00e1 participar da 1\u00aa Confer\u00eancia Macrorregional de Corumb\u00e1 de Vigil\u00e2ncia em Sa\u00fade.<\/p>\n<p>&nbsp;<\/p>\n<p>As confer\u00eancias livres e macros foram deliberadas pelo Conselho Nacional de Sa\u00fade em virtude de diversas agendas da Sa\u00fade e dos resultados da 15\u00aa Confer\u00eancia Nacional da Sa\u00fade, realizada em 2015. Naquele ano, foi apontada necessidade da realiza\u00e7\u00e3o da 1\u00aa Confer\u00eancia Nacional de Vigil\u00e2ncia em Sa\u00fade. O objetivo geral \u00e9 propor diretrizes para formula\u00e7\u00e3o da pol\u00edtica nacional da Vigil\u00e2ncia em Sa\u00fade e o fortalecimento de a\u00e7\u00f5es de promo\u00e7\u00e3o e prote\u00e7\u00e3o \u00e0 sa\u00fade. A etapa nacional ter\u00e1 como tema \u201cVigil\u00e2ncia em Sa\u00fade: Direito, Conquistas e Defesa de um SUS P\u00fablico de Qualidade\u201d, e deve acontecer em novembro.<\/p>\n<p>&nbsp;<\/p>\n<p>As confer\u00eancias livres foram realizadas no \u00e2mbito municipal, no entanto, a Macrorregional \u00e9 de responsabilidade do Estado. \u201cEsperamos que dessa confer\u00eancia saiam propostas que auxiliem a Vigil\u00e2ncia em Sa\u00fade na preven\u00e7\u00e3o e cria\u00e7\u00e3o ou implanta\u00e7\u00e3o de pol\u00edticas p\u00fablicas para melhoria da nossa macrorregi\u00e3o\u201d, afirmou Nely Ramona da Costa Santos, secret\u00e1ria do Conselho Municipal de Sa\u00fade de Corumb\u00e1 e integrante da comiss\u00e3o organizadora do evento.<\/p>\n<p>&nbsp;<\/p>\n<p>De acordo com a programa\u00e7\u00e3o, a confer\u00eancia deve come\u00e7ar com credenciamento de participantes das 13h \u00e0s 14 horas de quinta-feira, 17 de agosto. A abertura oficial ser\u00e1 das 14h \u00e0s 14h30 com mesa de autoridades e posteriormente apresenta\u00e7\u00e3o cultural.<\/p>\n<p>&nbsp;<\/p>\n<p>Das 15h \u00e0s 16 horas haver\u00e1 leitura do regulamento do evento e das 16h \u00e0s 17h ser\u00e3o apresentadas duas palestras. A primeira deve explanar o primeiro subeixo do tema principal: \u201cO lugar da Vigil\u00e2ncia em Sa\u00fade no SUS\u201d, com Keyla Brito Silva, gerente em Vigil\u00e2ncia de Sa\u00fade de Lad\u00e1rio. A segunda ser\u00e1 sobre \u201cResponsabilidades do Estado e dos Governos com a Vigil\u00e2ncia em Sa\u00fade\u201d, com a palestrante Luzia Japira Alves Pereira, auditora federal do SUS e conselheira estadual de sa\u00fade.<\/p>\n<p>&nbsp;<\/p>\n<p>No dia 18, as atividades come\u00e7am \u00e0s 07 horas, com credenciamento de conferencistas. Das 08h \u00e0s 08h30 ser\u00e1 oferecido\u00a0<em>coffee break<\/em>. Das 08h30 \u00e0s 09h30, o terceiro subeixo do tema central ser\u00e1 discutido: \u201cSaberes, pr\u00e1ticas, processos de trabalhos e tecnologias na Vigil\u00e2ncia em Sa\u00fade\u201d, com Il\u00eddio Roda Neves, doutor em psicologia social. Viviane Ametlla, gerente da Vigil\u00e2ncia em Sa\u00fade de Corumb\u00e1, tamb\u00e9m acompanhar\u00e1 a palestra.<\/p>\n<p>&nbsp;<\/p>\n<p>O quarto subeixo vai debater a \u201cVigil\u00e2ncia em Sa\u00fade participativa e democr\u00e1tica para enfrentamento das iniquidades sociais em sa\u00fade\u201d, por meio do conselheiro estadual de sa\u00fade Sebasti\u00e3o de Campos Arinos J\u00fanior, educador popular. Em seguida, das 09h30 \u00e0s 11h30, ser\u00e3o iniciadas as atividades em grupos. O descanso para almo\u00e7o ser\u00e1 das 11h30 \u00e0s 13 horas. O trabalho retorna \u00e0s 13h30. Das 15h30 \u00e0s 16h30 ser\u00e1 feita plen\u00e1ria com leitura de propostas. \u00c0s 17 horas ser\u00e1 encerrada a confer\u00eancia.<\/p>\n","protected":false},"excerpt":{"rendered":"<p>A 1\u00aa Confer\u00eancia Macrorregional de Corumb\u00e1 de Vigil\u00e2ncia em Sa\u00fade acontece esta semana, nos dias&#8230;<\/p>\n","protected":false},"author":1,"featured_media":8013,"comment_status":"closed","ping_status":"closed","sticky":false,"template":"","format":"standard","meta":{"footnotes":""},"categories":[8,21],"tags":[],"class_list":["post-8012","post","type-post","status-publish","format-standard","has-post-thumbnail","hentry","category-destaque","category-saude"],"_links":{"self":[{"href":"https:\/\/www.corumbaonline.com.br\/news\/wp-json\/wp\/v2\/posts\/8012","targetHints":{"allow":["GET"]}}],"collection":[{"href":"https:\/\/www.corumbaonline.com.br\/news\/wp-json\/wp\/v2\/posts"}],"about":[{"href":"https:\/\/www.corumbaonline.com.br\/news\/wp-json\/wp\/v2\/types\/post"}],"author":[{"embeddable":true,"href":"https:\/\/www.corumbaonline.com.br\/news\/wp-json\/wp\/v2\/users\/1"}],"replies":[{"embeddable":true,"href":"https:\/\/www.corumbaonline.com.br\/news\/wp-json\/wp\/v2\/comments?post=8012"}],"version-history":[{"count":1,"href":"https:\/\/www.corumbaonline.com.br\/news\/wp-json\/wp\/v2\/posts\/8012\/revisions"}],"predecessor-version":[{"id":8014,"href":"https:\/\/www.corumbaonline.com.br\/news\/wp-json\/wp\/v2\/posts\/8012\/revisions\/8014"}],"wp:featuredmedia":[{"embeddable":true,"href":"https:\/\/www.corumbaonline.com.br\/news\/wp-json\/wp\/v2\/media\/8013"}],"wp:attachment":[{"href":"https:\/\/www.corumbaonline.com.br\/news\/wp-json\/wp\/v2\/media?parent=8012"}],"wp:term":[{"taxonomy":"category","embeddable":true,"href":"https:\/\/www.corumbaonline.com.br\/news\/wp-json\/wp\/v2\/categories?post=8012"},{"taxonomy":"post_tag","embeddable":true,"href":"https:\/\/www.corumbaonline.com.br\/news\/wp-json\/wp\/v2\/tags?post=8012"}],"curies":[{"name":"wp","href":"https:\/\/api.w.org\/{rel}","templated":true}]}}