{"id":8054,"date":"2017-08-15T15:49:24","date_gmt":"2017-08-15T19:49:24","guid":{"rendered":"http:\/\/www.corumbaonline.com.br\/news\/?p=8054"},"modified":"2017-08-15T15:49:24","modified_gmt":"2017-08-15T19:49:24","slug":"comite-da-dengue-mostra-panorama-de-acoes-contra-o-aedes-aegypti","status":"publish","type":"post","link":"https:\/\/www.corumbaonline.com.br\/news\/comite-da-dengue-mostra-panorama-de-acoes-contra-o-aedes-aegypti\/","title":{"rendered":"Comit\u00ea da Dengue mostra panorama de a\u00e7\u00f5es contra o Aedes aegypti"},"content":{"rendered":"<p>O Comit\u00ea da Dengue discutiu, durante reuni\u00e3o nesta ter\u00e7a-feira, 15 de agosto, o andamento das a\u00e7\u00f5es de combate ao mosquito Aedes aegypti \u2013 transmissor da dengue, zika v\u00edrus e chikungunya. O encontro apresentou um panorama das a\u00e7\u00f5es do Munic\u00edpio no controle do vetor.<\/p>\n<p>&nbsp;<\/p>\n<p>De acordo com o Comit\u00ea, o Munic\u00edpio desenvolve um plano de a\u00e7\u00e3o visando preven\u00e7\u00e3o e controle da dengue, zika v\u00edrus e chikungunya. S\u00e3o realizadas a\u00e7\u00f5es em casas classificadas em situa\u00e7\u00e3o cr\u00edtica para surgimento de focos do mosquito; a\u00e7\u00f5es de conscientiza\u00e7\u00e3o e educa\u00e7\u00e3o em sa\u00fade; mutir\u00f5es em \u00e1reas descobertas; al\u00e9m de bloqueios mec\u00e2nicos e qu\u00edmicos.<\/p>\n<p>&nbsp;<\/p>\n<p>No primeiro semestre de 2017, a \u00e1rea de cobertura com a\u00e7\u00f5es de preven\u00e7\u00e3o e combate atingiu os seguintes \u00edndices: 76,22% no Ciclo 1 (que corresponde aos meses de janeiro e fevereiro); 65,62% no Ciclo 2 (mar\u00e7o e abril) e 81,15% no Ciclo 3 (maio e junho). O Ciclo 4 (julho e agosto), ainda em andamento, j\u00e1 contabiliza cobertura de \u00e1rea de 49,97%. Somente em julho foram visitados 15.038 im\u00f3veis.<\/p>\n<p>&nbsp;<\/p>\n<p>O \u00faltimo Levantamento de \u00cdndice R\u00e1pido de Infesta\u00e7\u00e3o por Aedes aegypti (LIRAa) apresentou como resultado o \u00edndice 3,2% de infesta\u00e7\u00e3o. Como dep\u00f3sitos predominantes de focos do Aedes est\u00e3o as caixas d\u2019\u00e1gua em n\u00edvel do solo (A2), com 78,43% de apari\u00e7\u00f5es. O lixo em geral em terrenos e quintais (D2) foi identificado em 3,92% das situa\u00e7\u00f5es apuradas pelas equipes da Secretaria Municipal de Sa\u00fade.<\/p>\n<p>&nbsp;<\/p>\n<p>At\u00e9 a semana 31 \u2013 que compreende o per\u00edodo de 30 de julho a 05 de agosto de 2017 \u2013 foram notificados 450 casos suspeitos de dengue e 30 confirmados em Corumb\u00e1. Na mesma faixa temporal, com rela\u00e7\u00e3o ao zika v\u00edrus, foram notificados 102 casos suspeitos, e 08 casos confirmados. A chikungunya apresentou 70 notifica\u00e7\u00f5es e 10 confirma\u00e7\u00f5es.<\/p>\n<p>&nbsp;<\/p>\n<p><strong>Trabalho constante<\/strong><\/p>\n<p>&nbsp;<\/p>\n<p>Gerente de Vigil\u00e2ncia em Sa\u00fade, Viviane Ametlla, destacou que o cen\u00e1rio apresentado durante a reuni\u00e3o mensal do Comit\u00ea da Dengue mostra que o trabalho do Munic\u00edpio na preven\u00e7\u00e3o e controle do mosquito transmissor \u00e9 constante. \u201cAs a\u00e7\u00f5es da dengue s\u00e3o rotina, n\u00e3o paramos de trabalhar. S\u00e3o feitas visitas domiciliares com os agentes, borrifa\u00e7\u00e3o nos bloqueios de casos notificados\u201d, disse.<\/p>\n<p>&nbsp;<\/p>\n<p>Viviane antecipou que as equipes j\u00e1 come\u00e7am a trabalhar pensando nas a\u00e7\u00f5es a serem desenvolvidas no pr\u00f3ximo ver\u00e3o. \u201cEstamos num momento de reorganizar o Comit\u00ea, estrutur\u00e1-lo e de concluir nosso plano de conting\u00eancia para o pr\u00f3ximo ver\u00e3o, que \u00e9 o per\u00edodo que chamamos de epid\u00eamico\u201d, concluiu a gerente de Vigil\u00e2ncia em Sa\u00fade.<\/p>\n<p>&nbsp;<\/p>\n<p>O secret\u00e1rio Municipal de Sa\u00fade, Rog\u00e9rio Leite, participou da reuni\u00e3o. Ele ressaltou o trabalho integrado entre os \u00f3rg\u00e3os da Administra\u00e7\u00e3o Municipal e a realiza\u00e7\u00e3o de uma a\u00e7\u00e3o conjunta com For\u00e7as Armadas e For\u00e7as de Seguran\u00e7a P\u00fablica para conter o avan\u00e7o do mosquito Aedes aegypti. \u201c\u00c9 trabalhar integrado com todas as secretarias, entre todas as ger\u00eancias e profissionais. A partir de agora, estamos buscando um trabalho conjunto com institui\u00e7\u00f5es, como Marinha, Ex\u00e9rcito, Bombeiros para darmos \u00eanfase \u00e0s nossas a\u00e7\u00f5es\u201d, finalizou.<\/p>\n","protected":false},"excerpt":{"rendered":"<p>O Comit\u00ea da Dengue discutiu, durante reuni\u00e3o nesta ter\u00e7a-feira, 15 de agosto, o andamento das&#8230;<\/p>\n","protected":false},"author":1,"featured_media":8055,"comment_status":"closed","ping_status":"closed","sticky":false,"template":"","format":"standard","meta":{"footnotes":""},"categories":[8,21],"tags":[],"class_list":["post-8054","post","type-post","status-publish","format-standard","has-post-thumbnail","hentry","category-destaque","category-saude"],"_links":{"self":[{"href":"https:\/\/www.corumbaonline.com.br\/news\/wp-json\/wp\/v2\/posts\/8054","targetHints":{"allow":["GET"]}}],"collection":[{"href":"https:\/\/www.corumbaonline.com.br\/news\/wp-json\/wp\/v2\/posts"}],"about":[{"href":"https:\/\/www.corumbaonline.com.br\/news\/wp-json\/wp\/v2\/types\/post"}],"author":[{"embeddable":true,"href":"https:\/\/www.corumbaonline.com.br\/news\/wp-json\/wp\/v2\/users\/1"}],"replies":[{"embeddable":true,"href":"https:\/\/www.corumbaonline.com.br\/news\/wp-json\/wp\/v2\/comments?post=8054"}],"version-history":[{"count":1,"href":"https:\/\/www.corumbaonline.com.br\/news\/wp-json\/wp\/v2\/posts\/8054\/revisions"}],"predecessor-version":[{"id":8056,"href":"https:\/\/www.corumbaonline.com.br\/news\/wp-json\/wp\/v2\/posts\/8054\/revisions\/8056"}],"wp:featuredmedia":[{"embeddable":true,"href":"https:\/\/www.corumbaonline.com.br\/news\/wp-json\/wp\/v2\/media\/8055"}],"wp:attachment":[{"href":"https:\/\/www.corumbaonline.com.br\/news\/wp-json\/wp\/v2\/media?parent=8054"}],"wp:term":[{"taxonomy":"category","embeddable":true,"href":"https:\/\/www.corumbaonline.com.br\/news\/wp-json\/wp\/v2\/categories?post=8054"},{"taxonomy":"post_tag","embeddable":true,"href":"https:\/\/www.corumbaonline.com.br\/news\/wp-json\/wp\/v2\/tags?post=8054"}],"curies":[{"name":"wp","href":"https:\/\/api.w.org\/{rel}","templated":true}]}}