{"id":8672,"date":"2017-09-04T08:30:14","date_gmt":"2017-09-04T12:30:14","guid":{"rendered":"http:\/\/www.corumbaonline.com.br\/news\/?p=8672"},"modified":"2017-09-04T08:57:10","modified_gmt":"2017-09-04T12:57:10","slug":"feira-noturna-aos-sabados-pode-se-tornar-novo-ponto-turistico-da-cidade","status":"publish","type":"post","link":"https:\/\/www.corumbaonline.com.br\/news\/feira-noturna-aos-sabados-pode-se-tornar-novo-ponto-turistico-da-cidade\/","title":{"rendered":"Feira noturna aos s\u00e1bados pode se tornar novo ponto tur\u00edstico da cidade"},"content":{"rendered":"<p>Corumb\u00e1 ganha agora em setembro, m\u00eas em que completa 239 anos, uma feira noturna que tem tudo para se transformar em um novo ponto tur\u00edstico da maior cidade pantaneira. O empreendimento ser\u00e1 implantado no espa\u00e7o entre o Complexo Poliesportivo da Rua Porto Carrero e a antiga esta\u00e7\u00e3o ferrovi\u00e1ria, e contar\u00e1 com infraestrutura necess\u00e1ria para bem atender a popula\u00e7\u00e3o e os turistas que visitam a regi\u00e3o.<\/p>\n<p>O projeto foi apresentado esta semana por diretores da Associa\u00e7\u00e3o de Comerciantes de Feiras Livres de Corumb\u00e1\/MS ao presidente da C\u00e2mara Municipal, vereador Evander Vendramini, autor de um requerimento em que solicitou \u00e0 Prefeitura, a cria\u00e7\u00e3o de uma feira noturna aos s\u00e1bados, naquele espa\u00e7o que, durante a semana, atende os centros de forma\u00e7\u00e3o de condutores de ve\u00edculos automotores da cidade.<\/p>\n<p>A ideia da cria\u00e7\u00e3o da feira noturna, sempre aos s\u00e1bados, foi encampada pela associa\u00e7\u00e3o que j\u00e1 vem trabalhando no projeto h\u00e1 algum tempo, buscando inclusive subs\u00eddios junto ao pr\u00f3prio vereador Evander e integrantes do Poder Executivo, para oficializar a iniciativa.<\/p>\n<p>No novo encontro com Evander, os diretores da associa\u00e7\u00e3o anunciaram que a nova feira, que atender\u00e1 toda a cidade e tamb\u00e9m os turistas, contar\u00e1, inicialmente, com 200 barracas, todas padronizadas, inclusive com cobertura de lonas antichamas.<\/p>\n<p>Luc\u00eddio Morel, presidente da nova diretoria da Associa\u00e7\u00e3o dos Comerciantes de Feiras Livres, explicou que tudo foi projetado para fortalecer a atividade comercial e garantir maior comodidade dos consumidores.<\/p>\n<p>Conforme ele, o projeto prev\u00ea espa\u00e7os delimitados para pra\u00e7a de alimenta\u00e7\u00e3o, venda de produtos hortifrutigranjeiros, cereais, produtos aliment\u00edcios industrializados ou j\u00e1 processados para consumo, roupas, brinquedos, artesanato, entre outros.<\/p>\n<p>Al\u00e9m da padroniza\u00e7\u00e3o das barracas, todos os feirantes tamb\u00e9m dever\u00e3o utilizar camisetas padronizadas, visando identifica\u00e7\u00e3o dos mesmos. \u201cVamos come\u00e7ar pela feira noturna e buscar levar isto para as demais, tornando as feiras livres mais organizadas\u201d, disse Alan Matos, secret\u00e1rio da associa\u00e7\u00e3o.<\/p>\n<p>Na feira, os consumidores ter\u00e3o as mais variadas op\u00e7\u00f5es como comidas t\u00edpicas e de outras regi\u00f5es, inclusive o sob\u00e1; brinquedos recreativos; m\u00fasicas populares, entre outros.<\/p>\n<p>Tamb\u00e9m est\u00e1 prevista a qualifica\u00e7\u00e3o profissional dos feirantes e funcion\u00e1rios, com cursos de manipula\u00e7\u00e3o de alimentos e de atendimento ao cliente e ao turista, bem como de exposi\u00e7\u00e3o dos produtos que ser\u00e3o vendidos no local.<\/p>\n<p>Para Evander, a feira noturna ser\u00e1 mais um produto tur\u00edstico de Corumb\u00e1, al\u00e9m de fomentar a comercializa\u00e7\u00e3o de produtos da terra e se tornar em mais um atrativo para as fam\u00edlias corumbaenses que passar\u00e3o ter mais uma op\u00e7\u00e3o de lazer e entretenimento aos s\u00e1bados \u00e0 noite.<\/p>\n<p>Em um encontro anterior, Vendramini sugeriu aos diretores, a contrata\u00e7\u00e3o de profissionais para compor uma assessoria jur\u00eddica e cont\u00e1bil, o que j\u00e1 foi providenciado e que est\u00e1 j\u00e1 est\u00e1 trabalhando na regulariza\u00e7\u00e3o da categoria, inclusive como Microempreendedores Individuais (MEI).<\/p>\n<p>O encontro com Evander contou tamb\u00e9m com as presen\u00e7as de outros integrantes da diretoria: Joelma Padilha, Paulo C\u00e9sar Arruda, Wuily Anty e Andr\u00e9 Menacho, que est\u00e3o \u00e0 frente da associa\u00e7\u00e3o h\u00e1 apenas tr\u00eas meses, mas que j\u00e1 efetuaram sens\u00edveis mudan\u00e7as.<\/p>\n","protected":false},"excerpt":{"rendered":"<p>Corumb\u00e1 ganha agora em setembro, m\u00eas em que completa 239 anos, uma feira noturna que&#8230;<\/p>\n","protected":false},"author":1,"featured_media":8673,"comment_status":"closed","ping_status":"closed","sticky":false,"template":"","format":"standard","meta":{"footnotes":""},"categories":[7,8,9],"tags":[],"class_list":["post-8672","post","type-post","status-publish","format-standard","has-post-thumbnail","hentry","category-cultura","category-destaque","category-economia"],"_links":{"self":[{"href":"https:\/\/www.corumbaonline.com.br\/news\/wp-json\/wp\/v2\/posts\/8672","targetHints":{"allow":["GET"]}}],"collection":[{"href":"https:\/\/www.corumbaonline.com.br\/news\/wp-json\/wp\/v2\/posts"}],"about":[{"href":"https:\/\/www.corumbaonline.com.br\/news\/wp-json\/wp\/v2\/types\/post"}],"author":[{"embeddable":true,"href":"https:\/\/www.corumbaonline.com.br\/news\/wp-json\/wp\/v2\/users\/1"}],"replies":[{"embeddable":true,"href":"https:\/\/www.corumbaonline.com.br\/news\/wp-json\/wp\/v2\/comments?post=8672"}],"version-history":[{"count":1,"href":"https:\/\/www.corumbaonline.com.br\/news\/wp-json\/wp\/v2\/posts\/8672\/revisions"}],"predecessor-version":[{"id":8674,"href":"https:\/\/www.corumbaonline.com.br\/news\/wp-json\/wp\/v2\/posts\/8672\/revisions\/8674"}],"wp:featuredmedia":[{"embeddable":true,"href":"https:\/\/www.corumbaonline.com.br\/news\/wp-json\/wp\/v2\/media\/8673"}],"wp:attachment":[{"href":"https:\/\/www.corumbaonline.com.br\/news\/wp-json\/wp\/v2\/media?parent=8672"}],"wp:term":[{"taxonomy":"category","embeddable":true,"href":"https:\/\/www.corumbaonline.com.br\/news\/wp-json\/wp\/v2\/categories?post=8672"},{"taxonomy":"post_tag","embeddable":true,"href":"https:\/\/www.corumbaonline.com.br\/news\/wp-json\/wp\/v2\/tags?post=8672"}],"curies":[{"name":"wp","href":"https:\/\/api.w.org\/{rel}","templated":true}]}}