{"id":8681,"date":"2017-09-04T09:06:02","date_gmt":"2017-09-04T13:06:02","guid":{"rendered":"http:\/\/www.corumbaonline.com.br\/news\/?p=8681"},"modified":"2017-09-04T09:20:21","modified_gmt":"2017-09-04T13:20:21","slug":"sesi-e-senai-levam-servicos-a-2a-feira-do-trabalho-realizada-no-campus-da-ufms","status":"publish","type":"post","link":"https:\/\/www.corumbaonline.com.br\/news\/sesi-e-senai-levam-servicos-a-2a-feira-do-trabalho-realizada-no-campus-da-ufms\/","title":{"rendered":"Sesi e Senai levam servi\u00e7os \u00e0 2\u00aa Feira do Trabalho realizada no campus da UFMS"},"content":{"rendered":"<p>Com um motor desenvolvido especialmente para o curso t\u00e9cnico em manuten\u00e7\u00e3o automotiva, o estande do Senai atraiu olhares curiosos de quem passou pela 2\u00aa Feira do Trabalho, realizada pela Superintend\u00eancia Regional do Trabalho em Mato Grosso do Sul neste s\u00e1bado (02), no campus da Universidade Federal de Mato Grosso do Sul (UFMS), em Campo Grande (MS). J\u00e1 o espa\u00e7o do Sesi apresentou cursos na modalidade EaD (Educa\u00e7\u00e3o a Dist\u00e2ncia), como uso respons\u00e1vel dos medicamentos, administre seu dinheiro de forma consciente, princ\u00edpios para uma gest\u00e3o efetiva e atendimento ao p\u00fablico.<\/p>\n<p>&nbsp;<\/p>\n<p>O ministro do Trabalho, Ronaldo Nogueira, visitou os estandes do Sesi e Senai, acompanhado de autoridades do Estado e do munic\u00edpio, e elogiou a iniciativa. \u201cEste trabalho not\u00e1vel que vemos aqui s\u00f3 foi poss\u00edvel gra\u00e7as a parcerias e participa\u00e7\u00e3o de entidades e merece ser multiplicado para outras unidades da federa\u00e7\u00e3o a partir do ano que vem\u201d, disse sobre a Feira, que tamb\u00e9m \u00e9 realizada pela C\u00e2mara de Vereadores de Campo Grande.<\/p>\n<p>&nbsp;<\/p>\n<p>Al\u00e9m da manuten\u00e7\u00e3o automotiva, outros 22 cursos de inicia\u00e7\u00e3o, qualifica\u00e7\u00e3o e aperfei\u00e7oamento profissional do Senai foram apresentados ao longo da Feira, que segue at\u00e9 \u00e0s 17 horas com uma s\u00e9rie de atividades voltadas para o trabalhador que est\u00e1 inserido ou deseja entrar no mercado de trabalho. O gerente do Senai de Campo Grande, Marcos Costa, afirma que o portf\u00f3lio de cursos levados para o evento foi selecionado de maneira estrat\u00e9gica, de acordo com a demanda das ind\u00fastrias por m\u00e3o de obra qualificada.<\/p>\n<p>&nbsp;<\/p>\n<p>\u201cS\u00e3o cursos que elevam a empregabilidade em raz\u00e3o da alta demanda da ind\u00fastria por profissionais qualificados. E o Senai participa hoje da feira com este intuito, de mostrar a import\u00e2ncia da qualifica\u00e7\u00e3o para aqueles que buscam uma coloca\u00e7\u00e3o no mercado de trabalho\u201d, disse Marcos Costa. No estande do Senai, os visitantes tamb\u00e9m podem conhecer os 30 cursos, entre gratuitos e pagos, oferecidos na rec\u00e9m-inaugurada Escola Senai da Constru\u00e7\u00e3o, nas modalidades presenciais e a dist\u00e2ncia.<\/p>\n<p>&nbsp;<\/p>\n<p><strong>Biosul<\/strong><\/p>\n<p>&nbsp;<\/p>\n<p>A Biosul (Associa\u00e7\u00e3o dos Produtores de Bioenergia de Mato Grosso do Sul) levou para os trabalhadores a oportunidade de cadastrar curr\u00edculos dos interessados em atuar na ind\u00fastria sucroenerg\u00e9tica do Estado. \u201cSomos o segundo segmento da ind\u00fastria que mais emprega no Estado, ent\u00e3o trata-se de um leque de oportunidades\u201d, disse o gerente da associa\u00e7\u00e3o, Paulo Aur\u00e9lio Vasconcelos.<\/p>\n<p>&nbsp;<\/p>\n<p>A Feira foi aberta ao p\u00fablico \u00e0s 8 horas e, al\u00e9m do ministro do Trabalho, contou com a presen\u00e7a do secret\u00e1rio estadual de Administra\u00e7\u00e3o, Carlos Alberto Assim, que representou o governador Reinaldo Azambuja, o prefeito de Campo Grande, Marquinhos Trad, o deputado federal Elizeu Dionizio, o presidente da C\u00e2mara dos Vereadores, Jo\u00e3o Rocha, o reitor da UFMS, Marcelo Turine, e o superintendente regional do trabalho, Vladimir Struck.<\/p>\n","protected":false},"excerpt":{"rendered":"<p>Com um motor desenvolvido especialmente para o curso t\u00e9cnico em manuten\u00e7\u00e3o automotiva, o estande do&#8230;<\/p>\n","protected":false},"author":1,"featured_media":0,"comment_status":"closed","ping_status":"closed","sticky":false,"template":"","format":"standard","meta":{"footnotes":""},"categories":[9],"tags":[],"class_list":["post-8681","post","type-post","status-publish","format-standard","hentry","category-economia"],"_links":{"self":[{"href":"https:\/\/www.corumbaonline.com.br\/news\/wp-json\/wp\/v2\/posts\/8681","targetHints":{"allow":["GET"]}}],"collection":[{"href":"https:\/\/www.corumbaonline.com.br\/news\/wp-json\/wp\/v2\/posts"}],"about":[{"href":"https:\/\/www.corumbaonline.com.br\/news\/wp-json\/wp\/v2\/types\/post"}],"author":[{"embeddable":true,"href":"https:\/\/www.corumbaonline.com.br\/news\/wp-json\/wp\/v2\/users\/1"}],"replies":[{"embeddable":true,"href":"https:\/\/www.corumbaonline.com.br\/news\/wp-json\/wp\/v2\/comments?post=8681"}],"version-history":[{"count":1,"href":"https:\/\/www.corumbaonline.com.br\/news\/wp-json\/wp\/v2\/posts\/8681\/revisions"}],"predecessor-version":[{"id":8682,"href":"https:\/\/www.corumbaonline.com.br\/news\/wp-json\/wp\/v2\/posts\/8681\/revisions\/8682"}],"wp:attachment":[{"href":"https:\/\/www.corumbaonline.com.br\/news\/wp-json\/wp\/v2\/media?parent=8681"}],"wp:term":[{"taxonomy":"category","embeddable":true,"href":"https:\/\/www.corumbaonline.com.br\/news\/wp-json\/wp\/v2\/categories?post=8681"},{"taxonomy":"post_tag","embeddable":true,"href":"https:\/\/www.corumbaonline.com.br\/news\/wp-json\/wp\/v2\/tags?post=8681"}],"curies":[{"name":"wp","href":"https:\/\/api.w.org\/{rel}","templated":true}]}}