{"id":8747,"date":"2017-09-06T08:21:22","date_gmt":"2017-09-06T12:21:22","guid":{"rendered":"http:\/\/www.corumbaonline.com.br\/news\/?p=8747"},"modified":"2017-09-06T07:26:33","modified_gmt":"2017-09-06T11:26:33","slug":"janot-denuncia-lula-dilma-e-ex-ministros-ao-supremo","status":"publish","type":"post","link":"https:\/\/www.corumbaonline.com.br\/news\/janot-denuncia-lula-dilma-e-ex-ministros-ao-supremo\/","title":{"rendered":"Janot denuncia Lula, Dilma e ex-ministros ao Supremo"},"content":{"rendered":"<p>O procurador-geral da Rep\u00fablica, Rodrigo Janot, denunciou ao Supremo Tribunal Federal (STF) a ex-presidenta Dilma Rousseff, o ex-presidente Luiz In\u00e1cio Lula da Silva e os ex-ministros da Fazenda Guido Mantega e Antonio Palocci pelo crime de organiza\u00e7\u00e3o criminosa.<\/p>\n<p>Tamb\u00e9m foram denunciados a senadora Gleisi Hoffmann (PT-PR), o ex-ministro Paulo Bernardo, marido da parlamentar, e os ex-tesoureiros do PT Jo\u00e3o Vaccari e Edinho Silva.<\/p>\n<p>Na den\u00fancia, Janot sustenta que os acusados formaram uma organiza\u00e7\u00e3o criminosa no Partido dos Trabalhadores para receber propina desviada da Petrobras durante as investiga\u00e7\u00f5es da Opera\u00e7\u00e3o Lava Jato.<\/p>\n<p>&#8220;Pelo menos desde meados de 2002 at\u00e9 12 de maio de 2016 , os denunciados, integraram e estruturaram uma organiza\u00e7\u00e3o criminosa com atua\u00e7\u00e3o durante o per\u00edodo em que Lula e Dilma Rousseff sucessivamente titularizaram a Presid\u00eancia da Rep\u00fablica para cometimento de uma mir\u00edade [grande n\u00famero] de delitos, em especial contra a administra\u00e7\u00e3o p\u00fablica em geral&#8221;, sustenta Janot.<\/p>\n<p><strong>Defesa\u00a0<\/strong><\/p>\n<p>Em nota, a defesa do ex-presidente Lula classificou a den\u00fancia da PGR como uma a\u00e7\u00e3o pol\u00edtica e \u201csem qualquer fundamento\u201d.<\/p>\n<p>A defesa de Jo\u00e3o Vaccari disse que a den\u00fancia \u00e9 \u201csurpreendente\u201d e \u201ctotalmente improcedente\u201d. Segundo o advogado Luiz Fl\u00e1vio Borges D&#8217;Urso, Vaccari cumpriu seu papel, como ent\u00e3o tesoureiro do PT, de solicitar doa\u00e7\u00f5es legais destinadas ao partido, as quais sempre foram depositadas na conta banc\u00e1ria partid\u00e1ria, com respectivo recibo e a presta\u00e7\u00e3o de contas \u00e0s autoridades competentes, \u201ctudo dentro da lei e com absoluta transpar\u00eancia\u201d.<\/p>\n<p>O advogado de Guido Mantega, F\u00e1bio Tofic, disse que causa estranheza que a PGR resolva oferecer den\u00fancia baseada nas palavras de delatores, sem uma verifica\u00e7\u00e3o m\u00ednima, no mesmo dia em que vem \u00e0 tona a \u201cdesfa\u00e7atez dos delatores, pela pr\u00f3pria PGR\u201d.<\/p>\n<p>Em nota, o ex-coordenador financeiro da campanha de Dilma em 2014, Edinho Silva, afirma que sempre agiu de forma \u00e9tica e legal e que n\u00e3o tem d\u00favidas que todos os fatos ser\u00e3o esclarecidos e que a Justi\u00e7a vai prevalecer.<\/p>\n<p>A assessoria da ex-presidente Dilma Rousseff informou que ainda n\u00e3o tem um posicionamento sobre o assunto. A defesa de Palocci disse que s\u00f3 vai se manifestar nos autos do processo.<\/p>\n<p>A senadora Gleisi Hoffmann declarou que a den\u00fancia busca criminalizar a pol\u00edtica e o Partido dos Trabalhadores.<\/p>\n","protected":false},"excerpt":{"rendered":"<p>O procurador-geral da Rep\u00fablica, Rodrigo Janot, denunciou ao Supremo Tribunal Federal (STF) a ex-presidenta Dilma&#8230;<\/p>\n","protected":false},"author":1,"featured_media":0,"comment_status":"closed","ping_status":"closed","sticky":false,"template":"","format":"standard","meta":{"footnotes":""},"categories":[19],"tags":[],"class_list":["post-8747","post","type-post","status-publish","format-standard","hentry","category-politica"],"_links":{"self":[{"href":"https:\/\/www.corumbaonline.com.br\/news\/wp-json\/wp\/v2\/posts\/8747","targetHints":{"allow":["GET"]}}],"collection":[{"href":"https:\/\/www.corumbaonline.com.br\/news\/wp-json\/wp\/v2\/posts"}],"about":[{"href":"https:\/\/www.corumbaonline.com.br\/news\/wp-json\/wp\/v2\/types\/post"}],"author":[{"embeddable":true,"href":"https:\/\/www.corumbaonline.com.br\/news\/wp-json\/wp\/v2\/users\/1"}],"replies":[{"embeddable":true,"href":"https:\/\/www.corumbaonline.com.br\/news\/wp-json\/wp\/v2\/comments?post=8747"}],"version-history":[{"count":1,"href":"https:\/\/www.corumbaonline.com.br\/news\/wp-json\/wp\/v2\/posts\/8747\/revisions"}],"predecessor-version":[{"id":8748,"href":"https:\/\/www.corumbaonline.com.br\/news\/wp-json\/wp\/v2\/posts\/8747\/revisions\/8748"}],"wp:attachment":[{"href":"https:\/\/www.corumbaonline.com.br\/news\/wp-json\/wp\/v2\/media?parent=8747"}],"wp:term":[{"taxonomy":"category","embeddable":true,"href":"https:\/\/www.corumbaonline.com.br\/news\/wp-json\/wp\/v2\/categories?post=8747"},{"taxonomy":"post_tag","embeddable":true,"href":"https:\/\/www.corumbaonline.com.br\/news\/wp-json\/wp\/v2\/tags?post=8747"}],"curies":[{"name":"wp","href":"https:\/\/api.w.org\/{rel}","templated":true}]}}