{"id":8749,"date":"2017-09-05T14:00:38","date_gmt":"2017-09-05T18:00:38","guid":{"rendered":"http:\/\/www.corumbaonline.com.br\/news\/?p=8749"},"modified":"2017-09-06T07:29:03","modified_gmt":"2017-09-06T11:29:03","slug":"com-apoio-da-prefeitura-feapan-2017-promove-o-agronegocio-corumbaense","status":"publish","type":"post","link":"https:\/\/www.corumbaonline.com.br\/news\/com-apoio-da-prefeitura-feapan-2017-promove-o-agronegocio-corumbaense\/","title":{"rendered":"Com apoio da Prefeitura, Feapan 2017 promove o agroneg\u00f3cio corumbaense"},"content":{"rendered":"<p>A Feira Agropecu\u00e1ria do Pantanal 2017 (Feapan 2017) foi lan\u00e7ada na manh\u00e3 desta ter\u00e7a-feira, 05 de setembro. Contando com apoios da Prefeitura Municipal de Corumb\u00e1 e Governo do Estado, al\u00e9m de outros parceiros, o evento ser\u00e1 realizado de 21 a 24 de setembro, no parque de exposi\u00e7\u00f5es Belmiro Maciel de Barros. \u201cA Feira s\u00f3 acontece em raz\u00e3o dessas parcerias\u201d, afirmou o presidente do Sindicato Rural, Luciano Leite, durante a entrevista coletiva de lan\u00e7amento da Feapan.<\/p>\n<p>&nbsp;<\/p>\n<p>A Feapan 2017 contar\u00e1 com leil\u00f5es bovinos e equinos, al\u00e9m de comercializa\u00e7\u00e3o de maquin\u00e1rios e insumos agr\u00edcolas.\u00a0 \u201cSer\u00e3o tr\u00eas leil\u00f5es \u2013 dias 21, 22 e 23 de setembro \u2013, acreditamos que teremos pre\u00e7os competitivos. Esperamos bater o que comercializamos no ano passado. Teremos ainda a comercializa\u00e7\u00e3o de m\u00e1quinas, produtos e insumos agr\u00edcolas. Tudo isso vai fazer girar o agroneg\u00f3cio\u201d, afirmou o presidente do Sindicato Rural de Corumb\u00e1. Ele destacou que no ano passado, somente os leil\u00f5es movimentaram cifras em torno de R$ 20 milh\u00f5es. \u00a0Os leil\u00f5es ter\u00e3o transmiss\u00e3o pela Agrobrasil TV.<\/p>\n<p>&nbsp;<\/p>\n<p>O ministro da Agricultura, Pecu\u00e1ria e Abastecimento, Blairo Maggi, participar\u00e1 da abertura oficial da Feira Agropecu\u00e1ria do Pantanal 2017. O governador Reinaldo Azambuja tamb\u00e9m tem presen\u00e7a confirmada na solenidade, al\u00e9m do prefeito Ruiter Cunha de Oliveira.<\/p>\n<p>&nbsp;<\/p>\n<p>\u201cNuma abertura oficial nunca tivemos todo essa participa\u00e7\u00e3o de autoridades. Mostra a import\u00e2ncia do evento. Somos o segundo maior rebanho do Brasil; um celeiro na produ\u00e7\u00e3o de bezerros no pa\u00eds. Nosso bioma Pantanal est\u00e1 preservado, o pecuarista est\u00e1 aqui h\u00e1 mais de 200 anos preservando e produzindo\u201d, disse Luciano Leite.<\/p>\n<p>&nbsp;<\/p>\n<p>Participando da coletiva, o secret\u00e1rio Municipal de Ind\u00fastria, Com\u00e9rcio e Produ\u00e7\u00e3o Rural, Renato Santos Lima, ressaltou que o incentivo \u00e0 Feapan \u00e9 um dos compromissos da administra\u00e7\u00e3o Ruiter Cunha de Oliveira com o segmento agropecu\u00e1rio. \u201cDesde o in\u00edcio do governo Ruiter, era compromisso de retorno para a data do anivers\u00e1rio da cidade. Integra o calend\u00e1rio cultural da nossa cidade. A pecu\u00e1ria est\u00e1 no nosso munic\u00edpio h\u00e1 mais de duzentos anos e a feira h\u00e1 51 anos, e, realmente, faz parte da nossa atividade cultural\u201d, salientou.<\/p>\n<p>&nbsp;<\/p>\n<p>O secret\u00e1rio enfatizou que a atividade gera movimenta\u00e7\u00e3o econ\u00f4mica expressiva para o munic\u00edpio. \u201c\u00c9 de fundamental import\u00e2ncia para o com\u00e9rcio local, para movimenta\u00e7\u00e3o do PIB da cidade em si, \u00e9 importante para o pecuarista e para valoriza\u00e7\u00e3o positiva de Corumb\u00e1, que \u00e9 celeiro de qualidade do Brasil. \u00c9 uma regi\u00e3o que produz boi verde, boi org\u00e2nico um boi de qualidade e a Feapan \u00e9 um mecanismo para essa divulga\u00e7\u00e3o para o Brasil inteiro\u201d, observou Renato destacando que a Feira Agropecu\u00e1ria do Pantanal tamb\u00e9m divulga positivamente Corumb\u00e1. \u201c\u00c9 um evento muito grande. Um marco hist\u00f3rico para o munic\u00edpio, mudan\u00e7as de paradigmas para a festa que est\u00e1 num grande calend\u00e1rio agora\u201d, finalizou o secret\u00e1rio Municipal de Ind\u00fastria, Com\u00e9rcio e Produ\u00e7\u00e3o Rural.<\/p>\n<p>&nbsp;<\/p>\n<p>A programa\u00e7\u00e3o da Feapan 2017 contar\u00e1 tamb\u00e9m com palestras, workshops e shows musicais, realizados no pr\u00f3prio parque de exposi\u00e7\u00f5es. Tem como atra\u00e7\u00f5es o concurso Rainha e Princesa Feapan; shows musicais de Marlon e Maciel; Jo\u00e3o Pedro e J\u00fanior; Grupo MDO e Marlon e Moreno. Tamb\u00e9m est\u00e3o programadas provas de La\u00e7o Comprido; Corrida Feapan e Baile Carap\u00e9. A entrada \u00e9 franca no parque de exposi\u00e7\u00f5es. Na noite da quinta-feira, 20 de setembro, o parque de exposi\u00e7\u00f5es Belmiro Maciel de Barros vai sediar show da cantora Mar\u00edlia Mendon\u00e7a. Esse evento, realizado por uma empresa de eventos, ter\u00e1 ingressos cobrados.<\/p>\n<p>&nbsp;<\/p>\n<p>Al\u00e9m da Prefeitura Municipal de Corumb\u00e1 e Governo do Estado, a Feira Agropecu\u00e1ria do Pantanal 2017 tem como parceiros o Senar, a Famasul, o Grupo Promove, BJ2, Clube de La\u00e7o Comprido e o Sindicato Rural de Corumb\u00e1.<\/p>\n","protected":false},"excerpt":{"rendered":"<p>A Feira Agropecu\u00e1ria do Pantanal 2017 (Feapan 2017) foi lan\u00e7ada na manh\u00e3 desta ter\u00e7a-feira, 05&#8230;<\/p>\n","protected":false},"author":1,"featured_media":8750,"comment_status":"closed","ping_status":"closed","sticky":false,"template":"","format":"standard","meta":{"footnotes":""},"categories":[2,8],"tags":[],"class_list":["post-8749","post","type-post","status-publish","format-standard","has-post-thumbnail","hentry","category-agropecuaria","category-destaque"],"_links":{"self":[{"href":"https:\/\/www.corumbaonline.com.br\/news\/wp-json\/wp\/v2\/posts\/8749","targetHints":{"allow":["GET"]}}],"collection":[{"href":"https:\/\/www.corumbaonline.com.br\/news\/wp-json\/wp\/v2\/posts"}],"about":[{"href":"https:\/\/www.corumbaonline.com.br\/news\/wp-json\/wp\/v2\/types\/post"}],"author":[{"embeddable":true,"href":"https:\/\/www.corumbaonline.com.br\/news\/wp-json\/wp\/v2\/users\/1"}],"replies":[{"embeddable":true,"href":"https:\/\/www.corumbaonline.com.br\/news\/wp-json\/wp\/v2\/comments?post=8749"}],"version-history":[{"count":1,"href":"https:\/\/www.corumbaonline.com.br\/news\/wp-json\/wp\/v2\/posts\/8749\/revisions"}],"predecessor-version":[{"id":8751,"href":"https:\/\/www.corumbaonline.com.br\/news\/wp-json\/wp\/v2\/posts\/8749\/revisions\/8751"}],"wp:featuredmedia":[{"embeddable":true,"href":"https:\/\/www.corumbaonline.com.br\/news\/wp-json\/wp\/v2\/media\/8750"}],"wp:attachment":[{"href":"https:\/\/www.corumbaonline.com.br\/news\/wp-json\/wp\/v2\/media?parent=8749"}],"wp:term":[{"taxonomy":"category","embeddable":true,"href":"https:\/\/www.corumbaonline.com.br\/news\/wp-json\/wp\/v2\/categories?post=8749"},{"taxonomy":"post_tag","embeddable":true,"href":"https:\/\/www.corumbaonline.com.br\/news\/wp-json\/wp\/v2\/tags?post=8749"}],"curies":[{"name":"wp","href":"https:\/\/api.w.org\/{rel}","templated":true}]}}