{"id":8966,"date":"2017-09-12T11:16:58","date_gmt":"2017-09-12T15:16:58","guid":{"rendered":"http:\/\/www.corumbaonline.com.br\/news\/?p=8966"},"modified":"2017-09-12T11:20:29","modified_gmt":"2017-09-12T15:20:29","slug":"educacao-divulga-inscritos-em-cursos-de-espanhol-basico-e-de-conversacao","status":"publish","type":"post","link":"https:\/\/www.corumbaonline.com.br\/news\/educacao-divulga-inscritos-em-cursos-de-espanhol-basico-e-de-conversacao\/","title":{"rendered":"Educa\u00e7\u00e3o divulga inscritos em cursos de espanhol b\u00e1sico e de conversa\u00e7\u00e3o"},"content":{"rendered":"<p>A Secretaria Municipal de Educa\u00e7\u00e3o publicou a rela\u00e7\u00e3o dos inscritos no \u2018Curso b\u00e1sico de espanhol: l\u00edngua e cultura dos povos hispano-falantes\u2019 e \u2018Curso de conversa\u00e7\u00e3o: \u00bfVamos a hablar espa\u00f1ol?\u2019. As rela\u00e7\u00f5es com os inscritos podem ser conferidas no endere\u00e7o eletr\u00f4nico:\u00a0<a href=\"https:\/\/sites.google.com\/site\/portaldaremecorumbams\/\">https:\/\/sites.google.com\/site\/portaldaremecorumbams\/<\/a>.<\/p>\n<p>&nbsp;<\/p>\n<p>O \u2018Curso b\u00e1sico de espanhol: l\u00edngua e cultura dos povos hispano-falantes\u2019 \u00e9 direcionado para os servidores, com o objetivo de desenvolver as quatro habilidades para o conhecimento da l\u00edngua espanhola com conversa\u00e7\u00e3o, compreens\u00e3o oral, leitura e escrita, em n\u00edvel b\u00e1sico e conhecer a cultura dos povos hispano-falantes. Por sua vez, o \u2018Curso de conversa\u00e7\u00e3o: \u00bfVamos a hablar espa\u00f1ol?\u2019 \u00e9 exclusivo para professores que atuam tamb\u00e9m na REME, que possuem conhecimento pr\u00e9vio do idioma, com o objetivo de oferecer encontros que propiciem a interatividade entre os participantes, al\u00e9m de desenvolver o exerc\u00edcio oral.<\/p>\n<p>&nbsp;<\/p>\n<p>Oferecidos pela Prefeitura de Corumb\u00e1, por meio da Secretaria Municipal de Educa\u00e7\u00e3o atrav\u00e9s de seu N\u00facleo de Ensino Fundamental, os cursos ter\u00e3o a professora Mariana Conde na coordena\u00e7\u00e3o. As aulas acontecem na Escola Municipal Pedro Paulo de Medeiros, localizada na rua Am\u00e9rica.<\/p>\n","protected":false},"excerpt":{"rendered":"<p>A Secretaria Municipal de Educa\u00e7\u00e3o publicou a rela\u00e7\u00e3o dos inscritos no \u2018Curso b\u00e1sico de espanhol:&#8230;<\/p>\n","protected":false},"author":1,"featured_media":0,"comment_status":"closed","ping_status":"closed","sticky":false,"template":"","format":"standard","meta":{"footnotes":""},"categories":[10],"tags":[],"class_list":["post-8966","post","type-post","status-publish","format-standard","hentry","category-educacao"],"_links":{"self":[{"href":"https:\/\/www.corumbaonline.com.br\/news\/wp-json\/wp\/v2\/posts\/8966","targetHints":{"allow":["GET"]}}],"collection":[{"href":"https:\/\/www.corumbaonline.com.br\/news\/wp-json\/wp\/v2\/posts"}],"about":[{"href":"https:\/\/www.corumbaonline.com.br\/news\/wp-json\/wp\/v2\/types\/post"}],"author":[{"embeddable":true,"href":"https:\/\/www.corumbaonline.com.br\/news\/wp-json\/wp\/v2\/users\/1"}],"replies":[{"embeddable":true,"href":"https:\/\/www.corumbaonline.com.br\/news\/wp-json\/wp\/v2\/comments?post=8966"}],"version-history":[{"count":1,"href":"https:\/\/www.corumbaonline.com.br\/news\/wp-json\/wp\/v2\/posts\/8966\/revisions"}],"predecessor-version":[{"id":8967,"href":"https:\/\/www.corumbaonline.com.br\/news\/wp-json\/wp\/v2\/posts\/8966\/revisions\/8967"}],"wp:attachment":[{"href":"https:\/\/www.corumbaonline.com.br\/news\/wp-json\/wp\/v2\/media?parent=8966"}],"wp:term":[{"taxonomy":"category","embeddable":true,"href":"https:\/\/www.corumbaonline.com.br\/news\/wp-json\/wp\/v2\/categories?post=8966"},{"taxonomy":"post_tag","embeddable":true,"href":"https:\/\/www.corumbaonline.com.br\/news\/wp-json\/wp\/v2\/tags?post=8966"}],"curies":[{"name":"wp","href":"https:\/\/api.w.org\/{rel}","templated":true}]}}