{"id":9027,"date":"2017-09-13T15:13:10","date_gmt":"2017-09-13T19:13:10","guid":{"rendered":"http:\/\/www.corumbaonline.com.br\/news\/?p=9027"},"modified":"2017-09-13T15:17:43","modified_gmt":"2017-09-13T19:17:43","slug":"mundo-senai-comeca-nesta-quinta-feira-em-10-cidades-de-mato-grosso-do-sul","status":"publish","type":"post","link":"https:\/\/www.corumbaonline.com.br\/news\/mundo-senai-comeca-nesta-quinta-feira-em-10-cidades-de-mato-grosso-do-sul\/","title":{"rendered":"Mundo Senai come\u00e7a nesta quinta-feira em 10 cidades de Mato Grosso do Sul"},"content":{"rendered":"<p>Quem procura uma oportunidade de carreira na ind\u00fastria poder\u00e1 participar nesta quinta-feira (14) e sexta-feira (15) do Mundo Senai, que ser\u00e1 realizado nas unidades operacionais do Senai em Aparecida do Taboado, Campo Grande, Corumb\u00e1, Dourados, Maracaju, Navira\u00ed, Nova Andradina, Rio Verde, Sidrol\u00e2ndia e Tr\u00eas Lagoas. Ao longo desses dois dias, essas unidades do Senai receber\u00e3o os estudantes do Ensino M\u00e9dio das escolas da rede p\u00fablica e privada para divulgar ocupa\u00e7\u00f5es t\u00e9cnicas da ind\u00fastria e cursos oferecidos para quem deseja ingressar no mercado de trabalho.<\/p>\n<p>&nbsp;<\/p>\n<p>A expectativa \u00e9 de que o evento receba em todo o Estado cerca de 10 mil pessoas, incluindo empres\u00e1rios, que participar\u00e3o de palestras, minicursos, mostras tecnol\u00f3gicas, orienta\u00e7\u00e3o profissional e visitas aos laborat\u00f3rios que simulam o dia a dia da ind\u00fastria. Conforme o diretor-regional do Senai, Jesner Escandolhero, o evento \u00e9 uma oportunidade de mostrar a toda comunidade a infraestrutura de que a institui\u00e7\u00e3o disp\u00f5e e o portf\u00f3lio de produtos e servi\u00e7os n\u00e3o s\u00f3 na educa\u00e7\u00e3o profissional, mas tamb\u00e9m todas as demais solu\u00e7\u00f5es agregadas nas \u00e1reas de tecnologia e inova\u00e7\u00e3o.<\/p>\n<p>&nbsp;<\/p>\n<p>\u201cN\u00f3s esperamos impactar todo o p\u00fablico estudantil, que \u00e9 de interesse da ind\u00fastria, mas tamb\u00e9m todo empresariado e trabalhadores das ind\u00fastrias. Mesmo as pessoas que j\u00e1 t\u00eam conhecimento sobre o Senai, \u00e9 importante ressaltar que sempre temos novidades, dada a atualiza\u00e7\u00e3o tecnol\u00f3gica das nossas escolas e dadas as novas profiss\u00f5es que surgem. As nossas forma\u00e7\u00f5es acompanham sempre essa tend\u00eancia. E para o p\u00fablico que conhece pouco as a\u00e7\u00f5es do Senai, essa \u00e9 uma \u00f3tima oportunidade de conhecer tudo o que podemos oferecer para forma\u00e7\u00e3o profissional\u201d, salientou Jesner Escandolhero.<\/p>\n<p>&nbsp;<\/p>\n<p>Para os que gostam de tecnologia, o Mundo Senai tamb\u00e9m \u00e9 o espa\u00e7o certo, pois os visitantes poder\u00e3o conferir demonstra\u00e7\u00f5es de uso dos mais modernos equipamentos e m\u00e1quinas do mercado em diversas ocupa\u00e7\u00f5es. Al\u00e9m disso, visitantes tamb\u00e9m poder\u00e3o participar de minicursos em que poder\u00e3o comprovar a qualidade da educa\u00e7\u00e3o oferecida pelo Senai e ter contato com tecnologias usadas nos cursos, lembrando que o Mundo Senai foi criado em 2009 e nesses oito anos recebeu aproximadamente 2,5 milh\u00f5es de visitantes em todo o Brasil.<\/p>\n<p>&nbsp;<\/p>\n<p><strong>Confira a programa\u00e7\u00e3o do Mundo Senai por cidade:<\/strong><\/p>\n<p>&nbsp;<\/p>\n<p><strong>1 &#8211; Aparecida do Taboado<\/strong><\/p>\n<p>&nbsp;<\/p>\n<p>Quinta-feira (14\/09)<\/p>\n<p>&nbsp;<\/p>\n<p>08h35 \u00e0s 11h05<\/p>\n<p>13h30 \u00e0s 16h30<\/p>\n<p>20h00 \u00e0s 21h00<\/p>\n<p>&nbsp;<\/p>\n<p>Sexta-feira (15\/09)<\/p>\n<p>&nbsp;<\/p>\n<p>16h00 \u00e0s 16h45<\/p>\n<p>&nbsp;<\/p>\n<p><strong>2 &#8211; Campo Grande<\/strong><\/p>\n<p>&nbsp;<\/p>\n<p><strong>Faculdade de Tecnologia do Senai<\/strong><\/p>\n<p>&nbsp;<\/p>\n<p>Quinta-feira (14\/09)<\/p>\n<p>&nbsp;<\/p>\n<p>14h40 \u00e0s 16h40<\/p>\n<p>19h20 \u00e0s 21h40<\/p>\n<p>&nbsp;<\/p>\n<p>Sexta-feira (15\/09)<\/p>\n<p>&nbsp;<\/p>\n<p>14h15 \u00e0s 16h40<\/p>\n<p>19h30 \u00e0s 21h40<\/p>\n<p>&nbsp;<\/p>\n<p><strong>Escola Senai da Constru\u00e7\u00e3o<\/strong><\/p>\n<p>&nbsp;<\/p>\n<p>Quinta-feira (14\/09)<\/p>\n<p>&nbsp;<\/p>\n<p>13h00 \u00e0s 17h00<\/p>\n<p>18h50 \u00e0s 22h00<\/p>\n<p>&nbsp;<\/p>\n<p>Sexta-feira (15\/09)<\/p>\n<p>&nbsp;<\/p>\n<p>13h00 \u00e0s 17h00<\/p>\n<p>18h50 \u00e0s 22h00<\/p>\n<p>&nbsp;<\/p>\n<p><strong>3 &#8211; Corumb\u00e1<\/strong><\/p>\n<p>&nbsp;<\/p>\n<p>Quinta-feira (14\/09)<\/p>\n<p>&nbsp;<\/p>\n<p>13h00 \u00e0s 17h00<\/p>\n<p>19h30 \u00e0s 21h40<\/p>\n<p>&nbsp;<\/p>\n<p>Sexta-feira (15\/09)<\/p>\n<p>&nbsp;<\/p>\n<p>13h00 \u00e0s 17h00<\/p>\n<p>19h30 \u00e0s 21h40<\/p>\n<p>&nbsp;<\/p>\n<p><strong>4 &#8211; Dourados<\/strong><\/p>\n<p>&nbsp;<\/p>\n<p>Quinta-feira (14\/09)<\/p>\n<p>&nbsp;<\/p>\n<p>08h00 \u00e0s 11h00<\/p>\n<p>13h00 \u00e0s 17h00<\/p>\n<p>&nbsp;<\/p>\n<p>Sexta-feira (15\/09)<\/p>\n<p>08h00 \u00e0s 11h00<\/p>\n<p>13h00 \u00e0s 17h00<\/p>\n<p>&nbsp;<\/p>\n<p><strong>5 &#8211; Maracaju<\/strong><\/p>\n<p>&nbsp;<\/p>\n<p>Quinta-feira (14\/09)<\/p>\n<p>&nbsp;<\/p>\n<p>07h30 \u00e0s 10h30<\/p>\n<p>19h00 \u00e0s 21h00<\/p>\n<p>&nbsp;<\/p>\n<p>Sexta-feira (15\/09)<\/p>\n<p>&nbsp;<\/p>\n<p>07h30 \u00e0s 10h30<\/p>\n<p>13h30 \u00e0s 16h30<\/p>\n<p>&nbsp;<\/p>\n<p><strong>6 &#8211; Navira\u00ed<\/strong><\/p>\n<p>&nbsp;<\/p>\n<p>Quinta-feira (14\/09)<\/p>\n<p>&nbsp;<\/p>\n<p>08h00 \u00e0s 11h00<\/p>\n<p>13h00 \u00e0s 17h00<\/p>\n<p>19h00 \u00e0s 20h30<\/p>\n<p>&nbsp;<\/p>\n<p>Sexta-feira (15\/09)<\/p>\n<p>&nbsp;<\/p>\n<p>08h00 \u00e0s 11h00<\/p>\n<p>13h00 \u00e0s 17h00<\/p>\n<p>19h00 \u00e0s 20h30<\/p>\n<p>&nbsp;<\/p>\n<p><strong>7 &#8211; Nova Andradina<\/strong><\/p>\n<p>&nbsp;<\/p>\n<p>Quinta-feira (14\/09)<\/p>\n<p>&nbsp;<\/p>\n<p>13h00 \u00e0s 17h00<\/p>\n<p>19h30 \u00e0s 22h00<\/p>\n<p>&nbsp;<\/p>\n<p>Sexta-feira (15\/09)<\/p>\n<p>&nbsp;<\/p>\n<p>09h40 \u00e0s 10h20<\/p>\n<p>13h00 \u00e0s 17h00<\/p>\n<p>19h30 \u00e0s 22h30<\/p>\n<p>&nbsp;<\/p>\n<p><strong>8 &#8211; Rio Verde<\/strong><\/p>\n<p>&nbsp;<\/p>\n<p>Quinta-feira (14\/09)<\/p>\n<p>&nbsp;<\/p>\n<p>19h00 \u00e0s 21h30<\/p>\n<p>&nbsp;<\/p>\n<p>Sexta-feira (15\/09)<\/p>\n<p>&nbsp;<\/p>\n<p>07h00 \u00e0s 10h30<\/p>\n<p>13h30 \u00e0s 16h30<\/p>\n<p>&nbsp;<\/p>\n<p><strong>9 &#8211; Sidrol\u00e2ndia<\/strong><\/p>\n<p>&nbsp;<\/p>\n<p>Quinta-feira (14\/09)<\/p>\n<p>&nbsp;<\/p>\n<p>13h40 \u00e0s 16h40<\/p>\n<p>19h30 \u00e0s 21h40<\/p>\n<p>&nbsp;<\/p>\n<p>Sexta-feira (15\/09)<\/p>\n<p>&nbsp;<\/p>\n<p>19h30 \u00e0s 21h30<\/p>\n<p>&nbsp;<\/p>\n<p><strong>10 &#8211; Tr\u00eas Lagoas<\/strong><\/p>\n<p>&nbsp;<\/p>\n<p>Quinta-feira (14\/09)<\/p>\n<p>&nbsp;<\/p>\n<p>07h30 \u00e0s 11h00<\/p>\n<p>13h00 \u00e0s 17h00<\/p>\n<p>18h40 \u00e0s 22h40<\/p>\n<p>&nbsp;<\/p>\n<p>Sexta-feira (15\/09)<\/p>\n<p>&nbsp;<\/p>\n<p>07h30 \u00e0s 11h00<\/p>\n<p>13h00 \u00e0s 17h00<\/p>\n<p>19h00 \u00e0s 22h00<\/p>\n","protected":false},"excerpt":{"rendered":"<p>Quem procura uma oportunidade de carreira na ind\u00fastria poder\u00e1 participar nesta quinta-feira (14) e sexta-feira&#8230;<\/p>\n","protected":false},"author":1,"featured_media":9028,"comment_status":"closed","ping_status":"closed","sticky":false,"template":"","format":"standard","meta":{"footnotes":""},"categories":[10],"tags":[],"class_list":["post-9027","post","type-post","status-publish","format-standard","has-post-thumbnail","hentry","category-educacao"],"_links":{"self":[{"href":"https:\/\/www.corumbaonline.com.br\/news\/wp-json\/wp\/v2\/posts\/9027","targetHints":{"allow":["GET"]}}],"collection":[{"href":"https:\/\/www.corumbaonline.com.br\/news\/wp-json\/wp\/v2\/posts"}],"about":[{"href":"https:\/\/www.corumbaonline.com.br\/news\/wp-json\/wp\/v2\/types\/post"}],"author":[{"embeddable":true,"href":"https:\/\/www.corumbaonline.com.br\/news\/wp-json\/wp\/v2\/users\/1"}],"replies":[{"embeddable":true,"href":"https:\/\/www.corumbaonline.com.br\/news\/wp-json\/wp\/v2\/comments?post=9027"}],"version-history":[{"count":1,"href":"https:\/\/www.corumbaonline.com.br\/news\/wp-json\/wp\/v2\/posts\/9027\/revisions"}],"predecessor-version":[{"id":9029,"href":"https:\/\/www.corumbaonline.com.br\/news\/wp-json\/wp\/v2\/posts\/9027\/revisions\/9029"}],"wp:featuredmedia":[{"embeddable":true,"href":"https:\/\/www.corumbaonline.com.br\/news\/wp-json\/wp\/v2\/media\/9028"}],"wp:attachment":[{"href":"https:\/\/www.corumbaonline.com.br\/news\/wp-json\/wp\/v2\/media?parent=9027"}],"wp:term":[{"taxonomy":"category","embeddable":true,"href":"https:\/\/www.corumbaonline.com.br\/news\/wp-json\/wp\/v2\/categories?post=9027"},{"taxonomy":"post_tag","embeddable":true,"href":"https:\/\/www.corumbaonline.com.br\/news\/wp-json\/wp\/v2\/tags?post=9027"}],"curies":[{"name":"wp","href":"https:\/\/api.w.org\/{rel}","templated":true}]}}