{"id":9064,"date":"2017-09-14T10:46:22","date_gmt":"2017-09-14T14:46:22","guid":{"rendered":"http:\/\/www.corumbaonline.com.br\/news\/?p=9064"},"modified":"2017-09-14T11:08:45","modified_gmt":"2017-09-14T15:08:45","slug":"seletiva-municipal-premia-trabalhos-vencedores-do-projeto-mpt-na-escola","status":"publish","type":"post","link":"https:\/\/www.corumbaonline.com.br\/news\/seletiva-municipal-premia-trabalhos-vencedores-do-projeto-mpt-na-escola\/","title":{"rendered":"Seletiva municipal premia trabalhos vencedores do projeto MPT na Escola"},"content":{"rendered":"<p>Os seis trabalhos vencedores da seletiva municipal do projeto \u2018MPT na Escola \u2013 De m\u00e3os dadas contra o trabalho infantil\u2019 foram premiados pela Prefeitura de Corumb\u00e1 na tarde desta quarta-feira, 13 de setembro. A etapa municipal d\u00e1 direito \u00e0 participa\u00e7\u00e3o em n\u00edvel estadual, com possibilidade de chegar \u00e0 fase nacional, que acontece anualmente Bras\u00edlia (DF), onde os trabalhos s\u00e3o premiados com valores em dinheiro at\u00e9 o 5\u00b0 lugar.<\/p>\n<p>&nbsp;<\/p>\n<p>Desenvolvida em parceria com o Minist\u00e9rio P\u00fablico do Trabalho (MPT), a iniciativa teve como objetivos fomentar a participa\u00e7\u00e3o de crian\u00e7as e adolescentes nas a\u00e7\u00f5es de mobiliza\u00e7\u00e3o, conscientiza\u00e7\u00e3o e preven\u00e7\u00e3o do trabalho infantil, reconhecer e divulgar os melhores trabalhos liter\u00e1rios, art\u00edsticos e culturais produzidos pelos alunos, e a dedica\u00e7\u00e3o dos educadores envolvidos nas a\u00e7\u00f5es de preven\u00e7\u00e3o e combate \u00e0 viola\u00e7\u00e3o dos direitos de crian\u00e7as e adolescentes.<\/p>\n<p>&nbsp;<\/p>\n<p>Na categoria Conto, o vencedor foi o trabalho \u201cVoc\u00ea viu a Duda?\u201d, da aluna Maria Eduarda Magalh\u00e3es Vieira, da escola Municipal Tilma Fernandes Veiga.\u00a0 O pr\u00eamio de Curta-Metragem foi para o v\u00eddeo \u201cFam\u00edlia e Escola, Juntos Fazendo a Diferen\u00e7a\u201d, produzido por alunos da Escola Municipal Djalma Sampaio Brasil. \u201cVendedores de Sonhos\u201d, uma produ\u00e7\u00e3o de estudantes da Escola Municipal Pedro Paulo de Medeiros venceu a categoria \u201cEsquete Teatral\u201d.\u00a0 O pr\u00eamio \u201cM\u00fasica\u201d foi concedido \u00e0 can\u00e7\u00e3o \u201cCrian\u00e7a N\u00e3o Trabalha\u201d da escola Djalma Sampaio Brasil. Larissa Gutierres, da Escola Municipal Almirante Tamandar\u00e9, foi premiada na categoria Poesia \u00a0com a obra \u201cCrian\u00e7a que Vive na Dor, Perde a Inoc\u00eancia e o Amor\u201d. O \u00faltimo premiado foi Matheus Tiago Maciel, da escola Djalma Sampaio Brasil, com a Pintura\/Desenho \u201cO Dinheiro N\u00e3o Compra a Inf\u00e2ncia de Uma Crian\u00e7a\u201d.<\/p>\n<p>&nbsp;<\/p>\n<p>Diretora da escola Djalma Sampaio Brasil \u2013 que venceu metade das categorias \u2013 a professora, Ver\u00f4nica Chaparro de Lucena, afirmou que a iniciativa teve grande envolvimento dos estudantes e deixou saldo positivo ao final. \u201cTivemos um grande desenvolvimento dentro da nossa escola. Trabalhamos com a valoriza\u00e7\u00e3o dos nossos alunos e esse tema foi significativo, houve envolvimento de todos. Foi positivo todo o processo, nossos alunos se conscientizaram, levaram para casa o que aprenderam\u201d, ressaltou a gestora escolar.<\/p>\n<p>&nbsp;<\/p>\n<p>Participaram 19 escolas da Rede Municipal de Ensino (REME), totalizando aproximadamente 1,2 mil alunos do 5\u00b0 ao 9\u00b0 ano do ensino fundamental. No per\u00edodo de 31 de julho a 11 de agosto, os estudantes produziram trabalhos em seis categorias: conto, curta-metragem, esquete teatral, m\u00fasica; pintura\/desenho e poesia.<\/p>\n<p>&nbsp;<\/p>\n<p>Coordenadora municipal do \u2018MPT na Escola\u2019, Elisa de F\u00e1tima Nascimento Jatob\u00e1, destacou o empenho dos alunos, professores, coordenadores pedag\u00f3gicos e dos gestores das escolas participantes. \u201cIntensificamos o processo de conscientiza\u00e7\u00e3o da sociedade, sensibilizando a comunidade escolar com vistas \u00e0 erradica\u00e7\u00e3o do trabalho infantil, rompendo as barreiras culturais que dificultam a efetiva\u00e7\u00e3o dos direitos da crian\u00e7a e do adolescente\u201d.<\/p>\n<p>&nbsp;<\/p>\n<p>Ela ressaltou que as a\u00e7\u00f5es realizadas pela Rede Municipal no \u2018Pr\u00eamio MPT na Escola\u2019 tiveram como base a \u201cmobiliza\u00e7\u00e3o e conscientiza\u00e7\u00e3o\u201d para massificar o combate ao trabalho infantil. Segundo ela, o aluno foi \u201ca parte fundamental do processo, sendo multiplicador dos ideais do projeto\u201d.<\/p>\n<p>&nbsp;<\/p>\n<p>Representando a secret\u00e1ria Municipal de Educa\u00e7\u00e3o, a gerente de Planejamento e Avalia\u00e7\u00e3o e Educacional da REME, Simone Peinado, afirmou que a \u201ceduca\u00e7\u00e3o tem compromisso e acredita que podemos vivenciar em conjunto com o projeto do Minist\u00e9rio P\u00fablico do Trabalho, um processo de mudan\u00e7a e refor\u00e7ar que lugar de crian\u00e7a \u00e9 na escola\u201d.<\/p>\n<p>&nbsp;<\/p>\n<p>\u201cA educa\u00e7\u00e3o de Corumb\u00e1 prima por ser vanguarda, pelos seus projetos, atitudes, pelo avan\u00e7o e envolvimento de gestores, professores, coordenadores, Secretaria, dentro da miss\u00e3o de educar. Esse projeto trouxe a import\u00e2ncia da conscientiza\u00e7\u00e3o da erradica\u00e7\u00e3o do trabalho infantil na nossa sociedade para dentro da educa\u00e7\u00e3o. Que \u00e9 onde tudo come\u00e7a, em termos de transforma\u00e7\u00e3o de uma sociedade\u201d, declarou o assessor especial da Prefeitura, Jos\u00e9 Antonio Assad e Faria, que representou o prefeito Ruiter Cunha de Oliveira na premia\u00e7\u00e3o. Tamb\u00e9m participaram da cerim\u00f4nia o presidente da C\u00e2mara Municipal, Evander Vendramini, e a secret\u00e1ria Especial de Cidadania e Direitos Humanos, Beatriz Cavassa de Oliveira.<\/p>\n","protected":false},"excerpt":{"rendered":"<p>Os seis trabalhos vencedores da seletiva municipal do projeto \u2018MPT na Escola \u2013 De m\u00e3os&#8230;<\/p>\n","protected":false},"author":1,"featured_media":9065,"comment_status":"closed","ping_status":"closed","sticky":false,"template":"","format":"standard","meta":{"footnotes":""},"categories":[8,10],"tags":[],"class_list":["post-9064","post","type-post","status-publish","format-standard","has-post-thumbnail","hentry","category-destaque","category-educacao"],"_links":{"self":[{"href":"https:\/\/www.corumbaonline.com.br\/news\/wp-json\/wp\/v2\/posts\/9064","targetHints":{"allow":["GET"]}}],"collection":[{"href":"https:\/\/www.corumbaonline.com.br\/news\/wp-json\/wp\/v2\/posts"}],"about":[{"href":"https:\/\/www.corumbaonline.com.br\/news\/wp-json\/wp\/v2\/types\/post"}],"author":[{"embeddable":true,"href":"https:\/\/www.corumbaonline.com.br\/news\/wp-json\/wp\/v2\/users\/1"}],"replies":[{"embeddable":true,"href":"https:\/\/www.corumbaonline.com.br\/news\/wp-json\/wp\/v2\/comments?post=9064"}],"version-history":[{"count":1,"href":"https:\/\/www.corumbaonline.com.br\/news\/wp-json\/wp\/v2\/posts\/9064\/revisions"}],"predecessor-version":[{"id":9066,"href":"https:\/\/www.corumbaonline.com.br\/news\/wp-json\/wp\/v2\/posts\/9064\/revisions\/9066"}],"wp:featuredmedia":[{"embeddable":true,"href":"https:\/\/www.corumbaonline.com.br\/news\/wp-json\/wp\/v2\/media\/9065"}],"wp:attachment":[{"href":"https:\/\/www.corumbaonline.com.br\/news\/wp-json\/wp\/v2\/media?parent=9064"}],"wp:term":[{"taxonomy":"category","embeddable":true,"href":"https:\/\/www.corumbaonline.com.br\/news\/wp-json\/wp\/v2\/categories?post=9064"},{"taxonomy":"post_tag","embeddable":true,"href":"https:\/\/www.corumbaonline.com.br\/news\/wp-json\/wp\/v2\/tags?post=9064"}],"curies":[{"name":"wp","href":"https:\/\/api.w.org\/{rel}","templated":true}]}}