{"id":9164,"date":"2017-09-18T08:20:27","date_gmt":"2017-09-18T12:20:27","guid":{"rendered":"http:\/\/www.corumbaonline.com.br\/news\/?p=9164"},"modified":"2017-09-18T08:47:59","modified_gmt":"2017-09-18T12:47:59","slug":"evento-discute-agricultura-familiar-e-educacao-no-campo-em-corumba","status":"publish","type":"post","link":"https:\/\/www.corumbaonline.com.br\/news\/evento-discute-agricultura-familiar-e-educacao-no-campo-em-corumba\/","title":{"rendered":"Evento discute agricultura familiar e educa\u00e7\u00e3o no campo em Corumb\u00e1"},"content":{"rendered":"<p>O Pantanal de Corumb\u00e1 recebe hoje e amanh\u00e3, dias 18 e 19 de setembro, diversos eventos voltados \u00e0 agricultura familiar, educa\u00e7\u00e3o, cultura, popula\u00e7\u00f5es tradicionais e agroecologia. A 1\u00aa FESNAP engloba a 7\u00aa Mostra de Agricultura Familiar de Corumb\u00e1, 5\u00aa Feira de Mudas e Sementes e 2\u00ba Semin\u00e1rio de Educa\u00e7\u00e3o do Campo, que ser\u00e3o realizados na Esta\u00e7\u00e3o Experimental do Campo no assentamento Taquaral, Agrovila III. A participa\u00e7\u00e3o \u00e9 gratuita e aberta ao p\u00fablico em geral.<\/p>\n<p>&nbsp;<\/p>\n<p>Al\u00e9m do tradicional quebra-torto e de um saboroso caf\u00e9 com prosa para come\u00e7ar as atividades nos dois dias de evento, o p\u00fablico ter\u00e1 acesso a palestras, oficinas, apresenta\u00e7\u00f5es culturais, mesas redondas, giros tecnol\u00f3gicos, interc\u00e2mbio de conhecimentos, pra\u00e7a de alimenta\u00e7\u00e3o, troca de mudas e sementes e feira do produtor. Entre os temas abordados est\u00e3o as propostas para os assentamentos da Borda Oeste do Pantanal, defensivos qu\u00edmicos e agroneg\u00f3cio, educa\u00e7\u00e3o no campo e pol\u00edticas p\u00fablicas, plantas aliment\u00edcias n\u00e3o-convencionais e outros assuntos. Cerca de dez oficinas tamb\u00e9m estar\u00e3o dispon\u00edveis aos participantes.<\/p>\n<p>&nbsp;<\/p>\n<p>A realiza\u00e7\u00e3o da 7\u00aa Mostra de Agricultura Familiar de Corumb\u00e1, da 5\u00aa Feira de Mudas e Sementes e do 2\u00ba Semin\u00e1rio de Educa\u00e7\u00e3o do Campo dentro da 1\u00aa FESNAP foi poss\u00edvel atrav\u00e9s de parcerias entre a Prefeitura Municipal de Corumb\u00e1, Embrapa Pantanal, Universidades Federais de MS e da Grande Dourados (UFMS e UFGD), Ag\u00eancia de Desenvolvimento Agr\u00e1rio e Extens\u00e3o Rural (Agraer), Pol\u00edcia Militar Ambiental de Corumb\u00e1 e 6\u00ba Distrito Naval da Marinha do Brasil.<\/p>\n<p>&nbsp;<\/p>\n<p>Confira a programa\u00e7\u00e3o<\/p>\n<p>&nbsp;<\/p>\n<p><strong>1\u00aa FESNAP<\/strong><\/p>\n<p><strong>18\/09, segunda-feira<\/strong><\/p>\n<p>07h \u2013 08h &#8211; Caf\u00e9 com prosa<br \/>\n&#8211; Quebra-torto com prosa (roda de cururu)<\/p>\n<p>08h \u2013 10h &#8211; Solenidade de abertura (m\u00edstica)<br \/>\n&#8211; Palestra magna: \u201cCaracter\u00edsticas e propostas para os assentamentos da Borda \u00a0Oeste do Pantanal\u201d. Palestrante: engenheiro agr\u00f4nomo Alberto Feiden \u00a0 \u00a0 \u00a0 \u00a0(Embrapa Pantanal)<\/p>\n<p>08h \u2013 11h &#8211; Inscri\u00e7\u00f5es para as oficinas<br \/>\n&#8211; Feira do Produtor Mirim<\/p>\n<p>08h \u2013 10h30 &#8211; Giro tecnol\u00f3gico (REME)<\/p>\n<p>10h30 \u2013 12h &#8211; Interc\u00e2mbio entre professores<br \/>\n&#8211; Apresenta\u00e7\u00e3o cultural<br \/>\n&#8211; Palestra: \u201cPol\u00edticas p\u00fablicas na Educa\u00e7\u00e3o do Campo em Corumb\u00e1\/ MS\u201d. Palestrante: Prof.\u00aa Eliene da Costa Neves Urquiza, Supervisora do N\u00facleo de Educa\u00e7\u00e3o do Campo de Corumb\u00e1\/ MS (SEMED)<\/p>\n<p>12h \u2013 13h &#8211; Almo\u00e7o<\/p>\n<p>13h \u2013 16h &#8211; Oficinas:<br \/>\n. Reciclagem de pneus (Senai)<br \/>\n. Viola de Cocho (Sebasti\u00e3o Souza Brand\u00e3o, artes\u00e3o)<br \/>\n. Caldas naturais para controle de carrapato (Embrapa)<br \/>\n. Alimenta\u00e7\u00e3o animal na seca (Embrapa)<br \/>\n. Horta Bios \u2013 Sistema Biol\u00f3gico Org\u00e2nico e Sustent\u00e1vel (Agraer)<\/p>\n<p>18h \u2013 19h30 &#8211; Leitura da Carta da Terra (m\u00edstica)<br \/>\n&#8211; Palestra: \u201cO agroneg\u00f3cio e os agrot\u00f3xicos\u201d. Palestrante: Prof. Dr. Rodrigo de Carvalho (Leduc)<\/p>\n<p>20h \u2013 22h &#8211; Noite Cultural<\/p>\n<p>&nbsp;<\/p>\n<p><strong>19\/09, ter\u00e7a-feira<\/strong><\/p>\n<p>07h \u2013 08h &#8211; Caf\u00e9 com prosa<br \/>\n&#8211; Quebra-torto com prosa (Arte cultura Leduc)<\/p>\n<p>08h \u2013 09h30 &#8211; Palestra: \u201cPlantas aliment\u00edcias n\u00e3o-convencionais (PANC). Palestrante: Agraer<\/p>\n<p>08h \u2013 13h &#8211; Feira do Produtor<\/p>\n<p>08h30 \u2013 12h &#8211; Troca de sementes e mudas<\/p>\n<p>09h30 \u2013 12h &#8211; Oficinas:<br \/>\n. Irriga\u00e7\u00e3o com garrafa PET (Embrapa)<br \/>\n. Sistema de Transi\u00e7\u00e3o Agroecol\u00f3gica (Embrapa &#8211; UFMS)<br \/>\n. Espiral de ervas (Instituto Uniom)<br \/>\n. Banco comunit\u00e1rio de sementes crioulas, estrat\u00e9gia para conserva\u00e7\u00e3o\u00a0 da agrobiodiversidade de comunidades rurais em Mato Grosso do Sul (UFGD)<\/p>\n<p>12h \u2013 14h &#8211; Almo\u00e7o<\/p>\n<p>14h \u2013 17h &#8211; Mesa redonda<br \/>\n. Pol\u00edticas de Educa\u00e7\u00e3o do Campo em Corumb\u00e1\/ MS<br \/>\n. A complexidade da educa\u00e7\u00e3o nas comunidades ribeirinhas<br \/>\n. Resgate das culturas de povos tradicionais atrav\u00e9s da educa\u00e7\u00e3o<\/p>\n<p>18h \u2013 22h &#8211; Noite Cultural<\/p>\n<p>&nbsp;<\/p>\n<p>*As informa\u00e7\u00f5es s\u00e3o da Embrapa Pantanal.<\/p>\n","protected":false},"excerpt":{"rendered":"<p>O Pantanal de Corumb\u00e1 recebe hoje e amanh\u00e3, dias 18 e 19 de setembro, diversos&#8230;<\/p>\n","protected":false},"author":1,"featured_media":0,"comment_status":"closed","ping_status":"closed","sticky":false,"template":"","format":"standard","meta":{"footnotes":""},"categories":[2],"tags":[],"class_list":["post-9164","post","type-post","status-publish","format-standard","hentry","category-agropecuaria"],"_links":{"self":[{"href":"https:\/\/www.corumbaonline.com.br\/news\/wp-json\/wp\/v2\/posts\/9164","targetHints":{"allow":["GET"]}}],"collection":[{"href":"https:\/\/www.corumbaonline.com.br\/news\/wp-json\/wp\/v2\/posts"}],"about":[{"href":"https:\/\/www.corumbaonline.com.br\/news\/wp-json\/wp\/v2\/types\/post"}],"author":[{"embeddable":true,"href":"https:\/\/www.corumbaonline.com.br\/news\/wp-json\/wp\/v2\/users\/1"}],"replies":[{"embeddable":true,"href":"https:\/\/www.corumbaonline.com.br\/news\/wp-json\/wp\/v2\/comments?post=9164"}],"version-history":[{"count":1,"href":"https:\/\/www.corumbaonline.com.br\/news\/wp-json\/wp\/v2\/posts\/9164\/revisions"}],"predecessor-version":[{"id":9165,"href":"https:\/\/www.corumbaonline.com.br\/news\/wp-json\/wp\/v2\/posts\/9164\/revisions\/9165"}],"wp:attachment":[{"href":"https:\/\/www.corumbaonline.com.br\/news\/wp-json\/wp\/v2\/media?parent=9164"}],"wp:term":[{"taxonomy":"category","embeddable":true,"href":"https:\/\/www.corumbaonline.com.br\/news\/wp-json\/wp\/v2\/categories?post=9164"},{"taxonomy":"post_tag","embeddable":true,"href":"https:\/\/www.corumbaonline.com.br\/news\/wp-json\/wp\/v2\/tags?post=9164"}],"curies":[{"name":"wp","href":"https:\/\/api.w.org\/{rel}","templated":true}]}}