{"id":9252,"date":"2017-09-20T08:47:51","date_gmt":"2017-09-20T12:47:51","guid":{"rendered":"http:\/\/www.corumbaonline.com.br\/news\/?p=9252"},"modified":"2017-09-20T09:12:54","modified_gmt":"2017-09-20T13:12:54","slug":"governador-abre-feapan-em-corumba-e-autoriza-licitacao-de-40-km-da-ms-228","status":"publish","type":"post","link":"https:\/\/www.corumbaonline.com.br\/news\/governador-abre-feapan-em-corumba-e-autoriza-licitacao-de-40-km-da-ms-228\/","title":{"rendered":"Governador abre Feapan em Corumb\u00e1 e autoriza licita\u00e7\u00e3o de 40 km da MS-228"},"content":{"rendered":"<p>O governador Reinaldo Azambuja participa da abertura de mais uma edi\u00e7\u00e3o da Feapan (Feira Agropecu\u00e1ria do Pantanal), em Corumb\u00e1, na noite desta quarta-feira, ap\u00f3s participar de ato solene em comemora\u00e7\u00e3o as 239 anos da hist\u00f3rica cidade, ocasi\u00e3o em que, entre outras a\u00e7\u00f5es, autorizar\u00e1 o processo licitat\u00f3rio da obra de implanta\u00e7\u00e3o de 40 km da estrada MS-228. O trecho compreende da Curva do Leque a Nhumirim, unidade da Embrapa Pantanal.<\/p>\n<p>A implanta\u00e7\u00e3o de uma base com aterro e cascalhamento da MS-228 atende a uma antiga reivindica\u00e7\u00e3o dos produtores rurais da regi\u00e3o pantaneira da Nhecol\u00e2ndia, um dos principais centros criat\u00f3rios de bovinos da plan\u00edcie. A meta do Governo do Estado \u00e9, numa segunda etapa, expandir a obra mais para o centro da regi\u00e3o, cujo acesso, dificultado pelo terreno arenoso e lagadi\u00e7o, prejudica a retirada do gado e o abastecimento das fazendas.<\/p>\n<p>Luciano Leite, presidente do Sindicato Rural de Corumb\u00e1, disse que a implanta\u00e7\u00e3o das MS-228 e MS-423, j\u00e1 em obras, dar\u00e1 um grande impulso na pecu\u00e1ria, setor que mais emprega nos munic\u00edpios pantaneiros. As interven\u00e7\u00f5es do governo na malha vi\u00e1ria pantaneira, onde grande parte ainda era de estradas boiadeiras, representam reivindica\u00e7\u00f5es antigas da regi\u00e3o, em especial de Corumb\u00e1, segundo maior rebanho bovino do Pa\u00eds, com dois milh\u00f5es de cabe\u00e7as.<\/p>\n<p>&#8220;A eleva\u00e7\u00e3o das estradas, hoje no n\u00edvel das \u00e1guas, e a coloca\u00e7\u00e3o de tubul\u00f5es nas vazantes, v\u00e3o evitar a interrup\u00e7\u00e3o no acesso, o que significa que podemos operar o ano todo, comercializando nosso gado e levando suprimento \u00e0s fazendas, com menos tempo e custo de manuten\u00e7\u00e3o dos ve\u00edculos\u201d, destacou o dirigente ruralista. \u201cO governador assumiu o compromisso com a nossa classe ruralista e est\u00e1 realizando um grande sonho.\u201d<\/p>\n<p><strong>Linhas de financiamento<\/strong><\/p>\n<p>A Feapan ser\u00e1 aberta oficialmente nesta quarta, \u00e0s 21h, no Parque Belmiro Maciel de Barros, pelo presidente do Sindicato Rural de Corumb\u00e1. O maior evento do agroneg\u00f3cio pantaneiro ser\u00e1 prestigiado pelo governador Reinaldo Azambuja, que cumpre atenda at\u00e9 quinta-feira na cidade, e pelo presidente da Famasul (Federa\u00e7\u00e3o da Agricultura e Pecu\u00e1ria de MS), Maur\u00edcio Sato. Logo ap\u00f3s, haver\u00e1 o show (pago) da cantora sertaneja Mar\u00edlia Mendon\u00e7a.<\/p>\n<p>A feira tem o apoio do Governo do Estado, na parte de estrutura no parque, e segue at\u00e9 domingo, 24, com shows, leil\u00f5es de bovinos e equinos, palestras, cursos de capacita\u00e7\u00e3o, provas do cavalo pantaneiro e torneio do la\u00e7o comprido. Com linhas de financiamento garantidas pelo Banco do Brasil e Sicredi, o setor de maquin\u00e1rios e implementos agr\u00edcolas estima uma excelente comercializa\u00e7\u00e3o, como ocorreu no ano passado.<\/p>\n<p><strong>Leil\u00f5es de bovinos e equinos<\/strong><\/p>\n<p>Os leil\u00f5es come\u00e7am na quinta-feira com mil cabe\u00e7as de gado de cria, recria e engorda, no tatersal do parque. Na sexta, acontecer\u00e1 um dos leil\u00f5es mais concorridos, o de touros de alta linhagem, com oferta de 200 animais procedentes da Embrapa Pantanal e dos criat\u00f3rios da Nelore Digenio, Roberto Castro Cunha, Ari Basso, Dirceu Migu\u00e9is, Arlindo Pavan e Mercy Roberto Vilela. No s\u00e1bado, leil\u00e3o de 40 cavalos pantaneiros de MS e MT.<\/p>\n<p>A Embrapa Pantanal participa com nove touros de elite, animais provenientes da Fazenda Nhumirim. Segundo a pesquisadora em reprodu\u00e7\u00e3o animal da Embrapa, Juliana Borges, os touros ofertados s\u00e3o classificados pelo Geneplus\/Embrapa &#8211;\u00a0 programa de melhoramento gen\u00e9tico de gado de corte. \u201cProcuramos produzir animais equilibrados e harmoniosos, adaptados ao sistema de produ\u00e7\u00e3o do pantanal\u201d, explicou a pesquisadora.<\/p>\n<p><strong>Shows s\u00e3o gratuitos\u00a0<\/strong><\/p>\n<p>Segundo o chefe Embrapa Pantanal, Jorge Ferreira de Lara, a participa\u00e7\u00e3o da unidade neste evento t\u00e3o significativo para a regi\u00e3o vem ao encontro da miss\u00e3o da empresa, que \u00e9 gerar tecnologia e levar esse conhecimento at\u00e9 o produtor. \u201cA feira \u00e9 uma oportunidade de mostrar os nossos produtos, divulgar nossas a\u00e7\u00f5es e aproximar cada vez mais os pantaneiros da institui\u00e7\u00e3o. A nossa meta \u00e9 aumentar nossa participa\u00e7\u00e3o dentro do evento\u201d, anunciou.<\/p>\n<p>A programa\u00e7\u00e3o da Feapan, inclu\u00edda na programa\u00e7\u00e3o comemorativa dos 239 anos da Capital do Pantanal, contar\u00e1, ainda, com shows gratuitos de Marlon e Maciel, Jo\u00e3o Pedro e Junior, Grupo MDO e Marlon e Moreno, al\u00e9m do baile carap\u00e9, provas de la\u00e7o comprido e Corrida Feapan. A feira conta ainda com o apoio da prefeitura de Corumb\u00e1 (log\u00edstica e linha de \u00f4nibus ao parque), Famasul, Senar, Grupo Promove, BJ2 e Clube do La\u00e7o Comprido.<\/p>\n","protected":false},"excerpt":{"rendered":"<p>O governador Reinaldo Azambuja participa da abertura de mais uma edi\u00e7\u00e3o da Feapan (Feira Agropecu\u00e1ria&#8230;<\/p>\n","protected":false},"author":1,"featured_media":0,"comment_status":"closed","ping_status":"closed","sticky":false,"template":"","format":"standard","meta":{"footnotes":""},"categories":[2],"tags":[],"class_list":["post-9252","post","type-post","status-publish","format-standard","hentry","category-agropecuaria"],"_links":{"self":[{"href":"https:\/\/www.corumbaonline.com.br\/news\/wp-json\/wp\/v2\/posts\/9252","targetHints":{"allow":["GET"]}}],"collection":[{"href":"https:\/\/www.corumbaonline.com.br\/news\/wp-json\/wp\/v2\/posts"}],"about":[{"href":"https:\/\/www.corumbaonline.com.br\/news\/wp-json\/wp\/v2\/types\/post"}],"author":[{"embeddable":true,"href":"https:\/\/www.corumbaonline.com.br\/news\/wp-json\/wp\/v2\/users\/1"}],"replies":[{"embeddable":true,"href":"https:\/\/www.corumbaonline.com.br\/news\/wp-json\/wp\/v2\/comments?post=9252"}],"version-history":[{"count":1,"href":"https:\/\/www.corumbaonline.com.br\/news\/wp-json\/wp\/v2\/posts\/9252\/revisions"}],"predecessor-version":[{"id":9253,"href":"https:\/\/www.corumbaonline.com.br\/news\/wp-json\/wp\/v2\/posts\/9252\/revisions\/9253"}],"wp:attachment":[{"href":"https:\/\/www.corumbaonline.com.br\/news\/wp-json\/wp\/v2\/media?parent=9252"}],"wp:term":[{"taxonomy":"category","embeddable":true,"href":"https:\/\/www.corumbaonline.com.br\/news\/wp-json\/wp\/v2\/categories?post=9252"},{"taxonomy":"post_tag","embeddable":true,"href":"https:\/\/www.corumbaonline.com.br\/news\/wp-json\/wp\/v2\/tags?post=9252"}],"curies":[{"name":"wp","href":"https:\/\/api.w.org\/{rel}","templated":true}]}}