{"id":9267,"date":"2017-09-20T09:50:38","date_gmt":"2017-09-20T13:50:38","guid":{"rendered":"http:\/\/www.corumbaonline.com.br\/news\/?p=9267"},"modified":"2017-09-20T10:16:54","modified_gmt":"2017-09-20T14:16:54","slug":"animais-da-embrapa-sao-leiloados-na-feapan-2017","status":"publish","type":"post","link":"https:\/\/www.corumbaonline.com.br\/news\/animais-da-embrapa-sao-leiloados-na-feapan-2017\/","title":{"rendered":"Animais da Embrapa s\u00e3o leiloados na Feapan 2017"},"content":{"rendered":"<p>Vai come\u00e7ar a Feapan 2017 &#8211; Feira Agropecu\u00e1ria do Pantanal e a Embrapa, parceira do evento, estar\u00e1 presente com animais selecionados sendo ofertados em Leil\u00e3o e realizando diversas a\u00e7\u00f5es voltadas para quem visitar o Parque de Exposi\u00e7\u00f5es Belmiro Maciel de Barros, em Corumb\u00e1\/MS, entre os dias 21 e 24 de setembro.<\/p>\n<p>No dia 22 de setembro, a partir das 19h, durante o leil\u00e3o de elite de reprodutores da ra\u00e7a nelore, ser\u00e3o leiloados 09 bovinos de elite (Gado Elite) da Embrapa Pantanal: animais provenientes \u00a0da Fazenda Nhumirim, Campo Experimental de Pesquisa da institui\u00e7\u00e3o. Segundo a pesquisadora em reprodu\u00e7\u00e3o animal da Embrapa, Juliana Borges, os touros ofertados s\u00e3o classificados pelo Geneplus\/Embrapa &#8211;\u00a0 programa de melhoramento gen\u00e9tico de gado de corte da Embrapa. \u201cProcuramos produzir animais equilibrados e harmoniosos, adaptados ao sistema de produ\u00e7\u00e3o do pantanal\u201d, explicou a pesquisadora.<\/p>\n<p>Segundo o Chefe Geral Embrapa Pantanal, Jorge Ferreira de Lara, a participa\u00e7\u00e3o da Unidade neste evento t\u00e3o significativo para a regi\u00e3o vem ao encontro da Miss\u00e3o da empresa, que \u00e9 gerar tecnologia e levar esse conhecimento at\u00e9 o produtor. \u201cA Feira \u00e9 uma oportunidade de mostrar os nossos produtos, divulgar nossas a\u00e7\u00f5es e aproximar cada vez mais os produtores pantaneiros da institui\u00e7\u00e3o. A nossa meta \u00e9 que nos pr\u00f3ximos anos nossa participa\u00e7\u00e3o cres\u00e7a dentro do evento\u201d, explicou.<\/p>\n<p>\u201cPara esta aproxima\u00e7\u00e3o ser mais efetiva, contaremos com um espa\u00e7o de atendimento ao p\u00fablico durante os quatro dias de feira, onde estar\u00e3o dispon\u00edveis publica\u00e7\u00f5es e v\u00eddeos contendo informa\u00e7\u00f5es sobre as atividades desenvolvidas pela Embrapa na regi\u00e3o do Pantanal. Deixo aqui um convite para quem for \u00e0 feira fazer uma visita ao nosso estande e conhecer um pouco mais sobre a Embrapa Pantanal\u201d, concluiu Lara.<\/p>\n<p>J\u00e1 nos dias 23 e 24, durante a Prova do La\u00e7o Comprido, a equipe da Embrapa tamb\u00e9m estar\u00e1 presente realizando uma campanha de conscientiza\u00e7\u00e3o e preven\u00e7\u00e3o \u00e0 Anemia Infecciosa Equina (AIE).<\/p>\n<p>Segundo Luciano Leite, presidente do Sindicato Rural de Corumb\u00e1, este ano a feira contar\u00e1 com uma programa\u00e7\u00e3o ampla, oferecendo atividades de lazer e forma\u00e7\u00e3o para diversas faixas da popula\u00e7\u00e3o: t\u00e9cnicos, estudantes, produtores e trabalhadores rurais, al\u00e9m de toda fam\u00edlia da regi\u00e3o de Corumb\u00e1 e Lad\u00e1rio.\u00a0 \u201cOs interessados poder\u00e3o assistir \u00e0s palestras, participar de cursos gratuitos de inform\u00e1tica, produ\u00e7\u00e3o de hortas, doces em conserva e outros, desenvolvidos em parceria com institui\u00e7\u00f5es como o Senar, Agraer, Embrapa e demais parceiros\u201d, explicou Luciano.<\/p>\n<p>O presidente do Sindicato ressalta que a parceria de todos os envolvidos \u00e9 essencial: \u201csem o apoio de institui\u00e7\u00f5es como a Embrapa, o Sindicato Rural n\u00e3o conseguiria realizar um evento do porte que ser\u00e1 realizado este ano, com programa\u00e7\u00e3o variada para o povo pantaneiro e oportunidade de neg\u00f3cios para os produtores da regi\u00e3o\u201d, concluiu.<\/p>\n","protected":false},"excerpt":{"rendered":"<p>Vai come\u00e7ar a Feapan 2017 &#8211; Feira Agropecu\u00e1ria do Pantanal e a Embrapa, parceira do&#8230;<\/p>\n","protected":false},"author":1,"featured_media":9268,"comment_status":"closed","ping_status":"closed","sticky":false,"template":"","format":"standard","meta":{"footnotes":""},"categories":[2,8],"tags":[],"class_list":["post-9267","post","type-post","status-publish","format-standard","has-post-thumbnail","hentry","category-agropecuaria","category-destaque"],"_links":{"self":[{"href":"https:\/\/www.corumbaonline.com.br\/news\/wp-json\/wp\/v2\/posts\/9267","targetHints":{"allow":["GET"]}}],"collection":[{"href":"https:\/\/www.corumbaonline.com.br\/news\/wp-json\/wp\/v2\/posts"}],"about":[{"href":"https:\/\/www.corumbaonline.com.br\/news\/wp-json\/wp\/v2\/types\/post"}],"author":[{"embeddable":true,"href":"https:\/\/www.corumbaonline.com.br\/news\/wp-json\/wp\/v2\/users\/1"}],"replies":[{"embeddable":true,"href":"https:\/\/www.corumbaonline.com.br\/news\/wp-json\/wp\/v2\/comments?post=9267"}],"version-history":[{"count":1,"href":"https:\/\/www.corumbaonline.com.br\/news\/wp-json\/wp\/v2\/posts\/9267\/revisions"}],"predecessor-version":[{"id":9269,"href":"https:\/\/www.corumbaonline.com.br\/news\/wp-json\/wp\/v2\/posts\/9267\/revisions\/9269"}],"wp:featuredmedia":[{"embeddable":true,"href":"https:\/\/www.corumbaonline.com.br\/news\/wp-json\/wp\/v2\/media\/9268"}],"wp:attachment":[{"href":"https:\/\/www.corumbaonline.com.br\/news\/wp-json\/wp\/v2\/media?parent=9267"}],"wp:term":[{"taxonomy":"category","embeddable":true,"href":"https:\/\/www.corumbaonline.com.br\/news\/wp-json\/wp\/v2\/categories?post=9267"},{"taxonomy":"post_tag","embeddable":true,"href":"https:\/\/www.corumbaonline.com.br\/news\/wp-json\/wp\/v2\/tags?post=9267"}],"curies":[{"name":"wp","href":"https:\/\/api.w.org\/{rel}","templated":true}]}}