{"id":9315,"date":"2017-09-21T14:22:53","date_gmt":"2017-09-21T18:22:53","guid":{"rendered":"http:\/\/www.corumbaonline.com.br\/news\/?p=9315"},"modified":"2017-09-21T15:05:07","modified_gmt":"2017-09-21T19:05:07","slug":"sindicato-das-industrias-da-construcao-de-corumba-e-ladario-elegem-nova-diretoria","status":"publish","type":"post","link":"https:\/\/www.corumbaonline.com.br\/news\/sindicato-das-industrias-da-construcao-de-corumba-e-ladario-elegem-nova-diretoria\/","title":{"rendered":"Sindicato das ind\u00fastrias da constru\u00e7\u00e3o de Corumb\u00e1 e Lad\u00e1rio elegem nova diretoria"},"content":{"rendered":"<p>Um dos fundadores do Sindicom (Sindicato das Ind\u00fastrias da Constru\u00e7\u00e3o e do Mobili\u00e1rios de Corumb\u00e1 e Lad\u00e1rio), o empres\u00e1rio Alfredo Fernandes foi reconduzido ao cargo de presidente para o tri\u00eanio 2017\/2020. \u201cDepois de mais de 40 anos no Sindicato, a gente acaba se acostumando\u201d, brincou o dirigente do Sindicom, que existe desde 1977.<\/p>\n<p>&nbsp;<\/p>\n<p>Com chapa \u00fanica, os representantes das ind\u00fastrias filiadas tamb\u00e9m elegeram os empres\u00e1rios Antonio Augusto Mira como secret\u00e1rio-geral e Chafic Lofti Filho como tesoureiro do Sindicom. Conclu\u00edda a vota\u00e7\u00e3o que confirmou o resultado, Alfredo Fernandes lembrou que o Pa\u00eds passa por dificuldades com a crise econ\u00f4mica e pol\u00edtica que afetam diretamente a classe empresarial, mas afirmou que o momento \u00e9 de trabalhar para reverter o quadro.<\/p>\n<p>&nbsp;<\/p>\n<p>\u201cPor isso, marcamos j\u00e1 para este domingo (24\/09) uma reuni\u00e3o com os cinco sindicatos das ind\u00fastrias de Corumb\u00e1 e Lad\u00e1rio para, juntos, discutirmos a\u00e7\u00f5es para desenvolver a regi\u00e3o\u201d, explicou Alfredo Fernandes. Participam do encontro de planejamento estrat\u00e9gico, al\u00e9m do Sindicom, os dirigentes do Simec (Sindicato das Ind\u00fastrias Metal\u00fargicas, Mec\u00e2nicas e de Material El\u00e9trico de Corumb\u00e1), Sindiecol (Sindicato das Ind\u00fastrias Extrativas de Corumb\u00e1), Sindivesc (Sindicato das Ind\u00fastrias do Vestu\u00e1rio de Corumb\u00e1) e Siacoms (Sindicato das Ind\u00fastrias da Alimenta\u00e7\u00e3o de Corumb\u00e1).<\/p>\n<p>&nbsp;<\/p>\n<p><strong>Confira a abaixo a composi\u00e7\u00e3o da nova diretoria do Sindicom:<\/strong><\/p>\n<p>&nbsp;<\/p>\n<p><strong>Diretoria<\/strong><\/p>\n<p>&nbsp;<\/p>\n<p>Presidente &#8211; Alfredo Fernandes<\/p>\n<p>Secret\u00e1rio-geral &#8211; Antonio Augusto Mira<\/p>\n<p>Tesoureiro &#8211; Chafic Lofti Filho<\/p>\n<p>Suplente da Diretoria &#8211; Jos\u00e9 Antonio Marinho Neto<\/p>\n<p>Suplente da Diretoria &#8211; Kleber Douglas Paganelli<\/p>\n<p>Suplente da Diretoria &#8211; Tadeu Roberto Nemir Marinho<\/p>\n<p>&nbsp;<\/p>\n<p><strong>Conselho Fiscal<\/strong><\/p>\n<p>&nbsp;<\/p>\n<p>Titular &#8211; Thiago Henrique de Freitas<\/p>\n<p>Titular &#8211; Katia Regina Piassa de Freitas<\/p>\n<p>Titular &#8211; Zenilda Maria Almeida de Andrade<\/p>\n<p>Suplente &#8211; Luiz Carlos Martinez de Andrade<\/p>\n<p>&nbsp;<\/p>\n<p><strong>Delegados Representantes junto \u00e0 Fiems<\/strong><\/p>\n<p>&nbsp;<\/p>\n<p>Titular &#8211; Alfredo Fernandes<\/p>\n<p>Suplente &#8211; Chafic Lofti Filho<\/p>\n","protected":false},"excerpt":{"rendered":"<p>Um dos fundadores do Sindicom (Sindicato das Ind\u00fastrias da Constru\u00e7\u00e3o e do Mobili\u00e1rios de Corumb\u00e1&#8230;<\/p>\n","protected":false},"author":1,"featured_media":0,"comment_status":"closed","ping_status":"closed","sticky":false,"template":"","format":"standard","meta":{"footnotes":""},"categories":[9],"tags":[],"class_list":["post-9315","post","type-post","status-publish","format-standard","hentry","category-economia"],"_links":{"self":[{"href":"https:\/\/www.corumbaonline.com.br\/news\/wp-json\/wp\/v2\/posts\/9315","targetHints":{"allow":["GET"]}}],"collection":[{"href":"https:\/\/www.corumbaonline.com.br\/news\/wp-json\/wp\/v2\/posts"}],"about":[{"href":"https:\/\/www.corumbaonline.com.br\/news\/wp-json\/wp\/v2\/types\/post"}],"author":[{"embeddable":true,"href":"https:\/\/www.corumbaonline.com.br\/news\/wp-json\/wp\/v2\/users\/1"}],"replies":[{"embeddable":true,"href":"https:\/\/www.corumbaonline.com.br\/news\/wp-json\/wp\/v2\/comments?post=9315"}],"version-history":[{"count":1,"href":"https:\/\/www.corumbaonline.com.br\/news\/wp-json\/wp\/v2\/posts\/9315\/revisions"}],"predecessor-version":[{"id":9317,"href":"https:\/\/www.corumbaonline.com.br\/news\/wp-json\/wp\/v2\/posts\/9315\/revisions\/9317"}],"wp:attachment":[{"href":"https:\/\/www.corumbaonline.com.br\/news\/wp-json\/wp\/v2\/media?parent=9315"}],"wp:term":[{"taxonomy":"category","embeddable":true,"href":"https:\/\/www.corumbaonline.com.br\/news\/wp-json\/wp\/v2\/categories?post=9315"},{"taxonomy":"post_tag","embeddable":true,"href":"https:\/\/www.corumbaonline.com.br\/news\/wp-json\/wp\/v2\/tags?post=9315"}],"curies":[{"name":"wp","href":"https:\/\/api.w.org\/{rel}","templated":true}]}}