{"id":9368,"date":"2017-09-21T17:55:41","date_gmt":"2017-09-21T21:55:41","guid":{"rendered":"http:\/\/www.corumbaonline.com.br\/news\/?p=9368"},"modified":"2017-09-21T18:20:55","modified_gmt":"2017-09-21T22:20:55","slug":"feapan-mostra-a-forca-do-agronegocio-na-economia-corumbaense","status":"publish","type":"post","link":"https:\/\/www.corumbaonline.com.br\/news\/feapan-mostra-a-forca-do-agronegocio-na-economia-corumbaense\/","title":{"rendered":"Feapan mostra a for\u00e7a do agroneg\u00f3cio na economia corumbaense"},"content":{"rendered":"<p>Participando da abertura oficial da Feira Agropecu\u00e1ria do Pantanal 2017 (Feapan 2017) na noite da quarta-feira, 20 de setembro, na sede do Parque de Exposi\u00e7\u00f5es Belmiro Maciel de Barros, o prefeito Ruiter Cunha de Oliveira refor\u00e7ou a import\u00e2ncia do agroneg\u00f3cio para a economia corumbaense. Ainda no primeiro mandato [gest\u00e3o 2005 \u2013 2008], a gest\u00e3o de Ruiter incentivou a retomada da realiza\u00e7\u00e3o da Feapan no munic\u00edpio. O vice-prefeito, Marcelo Iunes, participou da solenidade.<\/p>\n<p>&nbsp;<\/p>\n<p>\u201cN\u00f3s, enquanto Poder P\u00fablico Municipal reiteramos nosso apoio \u00e0s a\u00e7\u00f5es do Sindicato Rural, em especial \u00e0 revitaliza\u00e7\u00e3o dessa importante feira. Tivemos a oportunidade, em nosso primeiro mandato, de incentivar a retomada dela. A Feapan mostra a import\u00e2ncia e a valoriza\u00e7\u00e3o do produtor, a valoriza\u00e7\u00e3o do produtor\u201d, afirmou o chefe do Executivo corumbaense ao enfatizar que se o Pantanal tem \u00edndices superiores a 80% de preserva\u00e7\u00e3o \u00e9 porque o produtor pantaneiro est\u00e1 presente no bioma, trabalhando por \u201cpreserv\u00e1-lo\u201d.<\/p>\n<p>&nbsp;<\/p>\n<p>Acompanhando o prefeito na cerim\u00f4nia, o governador Reinaldo Azambuja anunciou que a plan\u00edcie ser\u00e1 integrada por uma rede de energia el\u00e9trica e tamb\u00e9m por energia fotovoltaica, esta prevista em regi\u00f5es de dif\u00edcil acesso para implanta\u00e7\u00e3o de linh\u00f5es. \u201cO estudo est\u00e1 praticamente finalizado e nosso governo est\u00e1 empenhado em atender esta antiga demanda dos pantaneiros\u201d, disse. Ele citou ainda que os investimentos do Estado em infraestrutura, com a implanta\u00e7\u00e3o de estradas v\u00e3o tirar o pantaneiro do isolamento, al\u00e9m de melhorar a produ\u00e7\u00e3o e a rentabilidade do agroneg\u00f3cio.<\/p>\n<p>&nbsp;<\/p>\n<p>A Feapan 2017 contar\u00e1 com leil\u00f5es bovinos e equinos, al\u00e9m de comercializa\u00e7\u00e3o de maquin\u00e1rios e insumos agr\u00edcolas.\u00a0 \u201cSer\u00e3o tr\u00eas leil\u00f5es \u2013 dias 21, 22 e 23 de setembro \u2013, acreditamos que teremos pre\u00e7os competitivos. Esperamos bater o que comercializamos no ano passado. Teremos ainda a comercializa\u00e7\u00e3o de m\u00e1quinas, produtos e insumos agr\u00edcolas. Tudo isso vai fazer girar o agroneg\u00f3cio\u201d, afirmou o presidente do Sindicato Rural de Corumb\u00e1. Ele destacou que no ano passado, somente os leil\u00f5es movimentaram cifras em torno de R$ 20 milh\u00f5es. \u00a0Os leil\u00f5es ter\u00e3o transmiss\u00e3o pela Agrobrasil TV.<\/p>\n<p>&nbsp;<\/p>\n<p>A programa\u00e7\u00e3o da Feapan 2017 contar\u00e1 tamb\u00e9m com palestras, workshops e shows musicais, realizados no pr\u00f3prio parque de exposi\u00e7\u00f5es. Tem como atra\u00e7\u00f5es o concurso Rainha e Princesa Feapan; shows musicais de Marlon e Maciel; Jo\u00e3o Pedro e J\u00fanior; Grupo MDO e Marlon e Moreno. Tamb\u00e9m est\u00e3o programadas provas de La\u00e7o Comprido; Corrida Feapan e Baile Carap\u00e9. A entrada \u00e9 franca no parque de exposi\u00e7\u00f5es. A Feira Agropecu\u00e1ria do Pantanal 2017 \u00e9 promovida pelo Sindicato Rural de Corumb\u00e1 com apoios da Prefeitura Municipal de Corumb\u00e1 e Governo do Estado.<\/p>\n<p>&nbsp;<\/p>\n<p>Prestigiaram o evento em comemora\u00e7\u00e3o ao anivers\u00e1rio da cidade os deputados estaduais Beto Pereira, Rinaldo Modesto e Felipe Orro.<\/p>\n","protected":false},"excerpt":{"rendered":"<p>Participando da abertura oficial da Feira Agropecu\u00e1ria do Pantanal 2017 (Feapan 2017) na noite da&#8230;<\/p>\n","protected":false},"author":1,"featured_media":9369,"comment_status":"closed","ping_status":"closed","sticky":false,"template":"","format":"standard","meta":{"footnotes":""},"categories":[2],"tags":[],"class_list":["post-9368","post","type-post","status-publish","format-standard","has-post-thumbnail","hentry","category-agropecuaria"],"_links":{"self":[{"href":"https:\/\/www.corumbaonline.com.br\/news\/wp-json\/wp\/v2\/posts\/9368","targetHints":{"allow":["GET"]}}],"collection":[{"href":"https:\/\/www.corumbaonline.com.br\/news\/wp-json\/wp\/v2\/posts"}],"about":[{"href":"https:\/\/www.corumbaonline.com.br\/news\/wp-json\/wp\/v2\/types\/post"}],"author":[{"embeddable":true,"href":"https:\/\/www.corumbaonline.com.br\/news\/wp-json\/wp\/v2\/users\/1"}],"replies":[{"embeddable":true,"href":"https:\/\/www.corumbaonline.com.br\/news\/wp-json\/wp\/v2\/comments?post=9368"}],"version-history":[{"count":1,"href":"https:\/\/www.corumbaonline.com.br\/news\/wp-json\/wp\/v2\/posts\/9368\/revisions"}],"predecessor-version":[{"id":9370,"href":"https:\/\/www.corumbaonline.com.br\/news\/wp-json\/wp\/v2\/posts\/9368\/revisions\/9370"}],"wp:featuredmedia":[{"embeddable":true,"href":"https:\/\/www.corumbaonline.com.br\/news\/wp-json\/wp\/v2\/media\/9369"}],"wp:attachment":[{"href":"https:\/\/www.corumbaonline.com.br\/news\/wp-json\/wp\/v2\/media?parent=9368"}],"wp:term":[{"taxonomy":"category","embeddable":true,"href":"https:\/\/www.corumbaonline.com.br\/news\/wp-json\/wp\/v2\/categories?post=9368"},{"taxonomy":"post_tag","embeddable":true,"href":"https:\/\/www.corumbaonline.com.br\/news\/wp-json\/wp\/v2\/tags?post=9368"}],"curies":[{"name":"wp","href":"https:\/\/api.w.org\/{rel}","templated":true}]}}