{"id":9377,"date":"2017-09-22T09:44:31","date_gmt":"2017-09-22T13:44:31","guid":{"rendered":"http:\/\/www.corumbaonline.com.br\/news\/?p=9377"},"modified":"2017-09-22T09:52:46","modified_gmt":"2017-09-22T13:52:46","slug":"em-corumba-reinaldo-azambuja-destaca-o-arrojo-do-empresario-na-diversificacao-da-economia-de-ms","status":"publish","type":"post","link":"https:\/\/www.corumbaonline.com.br\/news\/em-corumba-reinaldo-azambuja-destaca-o-arrojo-do-empresario-na-diversificacao-da-economia-de-ms\/","title":{"rendered":"Em Corumb\u00e1, Reinaldo Azambuja destaca o arrojo do empres\u00e1rio na diversifica\u00e7\u00e3o da economia de MS"},"content":{"rendered":"<p>A entrada em opera\u00e7\u00e3o de um dos maiores frigor\u00edficos de carne de jacar\u00e9 do mundo, o Caimasul, em Corumb\u00e1, sinaliza a confian\u00e7a do empresariado em investir em um Estado que est\u00e1 superando a crise com equil\u00edbrio financeiro e a participa\u00e7\u00e3o corajosa dos empreendedores de outras regi\u00f5es, disse o governador Reinaldo Azambuja, ao participar da inaugura\u00e7\u00e3o da ind\u00fastria, na tarde desta quinta-feira (21).<\/p>\n<p>Ao lado do ministro da Agricultura, Pecu\u00e1ria e do Abastecimento, Blairo Maggi, o governador visitou as instala\u00e7\u00f5es do complexo da Caimasul, que fica situado a 32 km de Corumb\u00e1, \u00e0s margens da BR-262, e destacou a import\u00e2ncia de um segmento da produ\u00e7\u00e3o de alimentos que une abertura de novos mercados, responsabilidade ambiental e fomento ao turismo. \u201cSem d\u00favida, um projeto arrojado, que tem tudo para ser um sucesso\u201d, comentou.<\/p>\n<p>Reinaldo Azambuja assegurou aos s\u00f3cios do Grupo Caimasul gest\u00f5es junto ao Banco do Brasil para reabrir negocia\u00e7\u00f5es visando o financiamento, via FCO, da segunda fase da ind\u00fastria, posi\u00e7\u00e3o tamb\u00e9m assumida pelo ministro Blairo Maggi. \u201cA Caimasul teve portas abertas dos governos federal e estadual, da prefeitura de Corumb\u00e1, e com certeza o Banco do Brasil dar\u00e1 seu aval ao conhecer este grandioso empreendimento\u201d, frisou.<\/p>\n<div id=\"attachment_165921\" class=\"wp-caption aligncenter\"><img loading=\"lazy\" decoding=\"async\" class=\"wp-image-165921 size-full\" src=\"http:\/\/www.ms.gov.br\/wp-content\/uploads\/sites\/150\/2017\/09\/2017-09-21-PHOTO-00014147.jpg\" sizes=\"auto, (max-width: 1280px) 100vw, 1280px\" srcset=\"http:\/\/www.ms.gov.br\/wp-content\/uploads\/sites\/150\/2017\/09\/2017-09-21-PHOTO-00014147.jpg 1280w, http:\/\/www.ms.gov.br\/wp-content\/uploads\/sites\/150\/2017\/09\/2017-09-21-PHOTO-00014147-300x200.jpg 300w, http:\/\/www.ms.gov.br\/wp-content\/uploads\/sites\/150\/2017\/09\/2017-09-21-PHOTO-00014147-768x511.jpg 768w, http:\/\/www.ms.gov.br\/wp-content\/uploads\/sites\/150\/2017\/09\/2017-09-21-PHOTO-00014147-1024x682.jpg 1024w\" alt=\"\" width=\"1280\" height=\"852\" \/><\/p>\n<p class=\"wp-caption-text\"><em>Governador Reinaldo Azambuja em visita nas instala\u00e7\u00f5es da Sanesul.<\/em><\/p>\n<\/div>\n<p><strong>Entrega de obras<\/strong><\/p>\n<p>A inaugura\u00e7\u00e3o da Caimasul encerrou a agenda do governador em Corumb\u00e1, onde chegou no in\u00edcio da noite de quarta-feira para participar das comemora\u00e7\u00f5es aos 239 ano de funda\u00e7\u00e3o da hist\u00f3rica cidade pantaneira. Ainda na quarta, assinou atos que garantem investimentos em infraestrutura e sa\u00fade no munic\u00edpio, no valor de R$ 43 milh\u00f5es, e abriu a Feapan (Feira Agropecu\u00e1ria do Pantanal).<\/p>\n<p>Na manh\u00e3 desta quinta-feira, ao lado do prefeito Ruiter Cunha e dos secret\u00e1rios de Estado Eduardo Riedel (Governo e Gest\u00e3o Estrat\u00e9gica), Atayde Nery (Cultura e Cidadania) e Jaime Verruck (Meio Ambiente, Desenvolvimento Econ\u00f4mico, Produ\u00e7\u00e3o e Agricultura Familiar) e vereadores, Reinaldo Azambuja assistiu a uma missa na capela de Nossa Senhora do Caacup\u00ea e entregou a obra de climatiza\u00e7\u00e3o da Escola Estadual Jo\u00e3o Leite, onde estudam quatro mil alunos, e de uma etapa do programa de pavimenta\u00e7\u00e3o urbana em parceria com a prefeitura.<\/p>\n<p>Tamb\u00e9m visitou obras de amplia\u00e7\u00e3o do sistema de tratamento e abastecimento de \u00e1gua da cidade, onde o Governo do Estado, por meio da Sanesul, investe mais de R$ 75 milh\u00f5es. O projeto de saneamento inclui a duplica\u00e7\u00e3o operacional da empresa na cidade, que passa a produzir 2.300 metros c\u00fabicos de \u00e1gua tratada\/hora com quatro novas esta\u00e7\u00f5es elevat\u00f3rias.<\/p>\n<div id=\"attachment_165922\" class=\"wp-caption aligncenter\"><img loading=\"lazy\" decoding=\"async\" class=\"wp-image-165922 size-full\" src=\"http:\/\/www.ms.gov.br\/wp-content\/uploads\/sites\/150\/2017\/09\/2017-09-21-PHOTO-00014151.jpg\" sizes=\"auto, (max-width: 1280px) 100vw, 1280px\" srcset=\"http:\/\/www.ms.gov.br\/wp-content\/uploads\/sites\/150\/2017\/09\/2017-09-21-PHOTO-00014151.jpg 1280w, http:\/\/www.ms.gov.br\/wp-content\/uploads\/sites\/150\/2017\/09\/2017-09-21-PHOTO-00014151-300x200.jpg 300w, http:\/\/www.ms.gov.br\/wp-content\/uploads\/sites\/150\/2017\/09\/2017-09-21-PHOTO-00014151-768x511.jpg 768w, http:\/\/www.ms.gov.br\/wp-content\/uploads\/sites\/150\/2017\/09\/2017-09-21-PHOTO-00014151-1024x682.jpg 1024w\" alt=\"\" width=\"1280\" height=\"852\" \/><\/p>\n<p class=\"wp-caption-text\"><em>Governador entregou a obra de climatiza\u00e7\u00e3o da Escola Estadual Jo\u00e3o Leite, onde estudam quatro mil alunos.<\/em><\/p>\n<\/div>\n<p><strong>Governo presente<\/strong><\/p>\n<p>Na Caimasul, o governador, o ministro e demais convidados degustaram um menu diferenciado com a carne de jacar\u00e9 criado em cativeiro, desde os \u201cfingers food\u201d e \u201cceviches\u201d \u00e0s mini-por\u00e7\u00f5es (file de jacar\u00e9 grelhado em manteiga com trufa, escondindinho de jacar\u00e9 ao pur\u00ea de mandioca e pequi, bobo de jacar\u00e9 e fil\u00e9 de jacar\u00e9 grelhado com cebola caramelizada), preparados pelo chef pantaneiro Ant\u00f4nio Albaneze.<\/p>\n<p>A ind\u00fastria inicia opera\u00e7\u00e3o de abate com meta de produzir 350 toneladas\/ano de carne e 100 mil peles cl\u00e1ssicas, cujos produtos j\u00e1 tem mercados garantidos dentro e fora do Pa\u00eds. O s\u00f3cio-presidente da Caimasul, Raul Matos, disse que o apoio do Estado, por meio da Semagro e Imasul, foi fundamental para garantir o cumprimento desta etapa do empreendimento quanto \u00e0s licen\u00e7as sanit\u00e1rias, ambientais e de opera\u00e7\u00e3o.<\/p>\n<p>Prestigiaram o evento em comemora\u00e7\u00e3o ao anivers\u00e1rio da cidade o senador Pedro Chaves, os deputados federais Zeca do PT, Vander Loubet e Geraldo Rezende e os deputados estaduais Beto Pereira, Rinaldo Modesto e Felipe Orro.<\/p>\n","protected":false},"excerpt":{"rendered":"<p>A entrada em opera\u00e7\u00e3o de um dos maiores frigor\u00edficos de carne de jacar\u00e9 do mundo,&#8230;<\/p>\n","protected":false},"author":1,"featured_media":9378,"comment_status":"closed","ping_status":"closed","sticky":false,"template":"","format":"standard","meta":{"footnotes":""},"categories":[2,8,9],"tags":[],"class_list":["post-9377","post","type-post","status-publish","format-standard","has-post-thumbnail","hentry","category-agropecuaria","category-destaque","category-economia"],"_links":{"self":[{"href":"https:\/\/www.corumbaonline.com.br\/news\/wp-json\/wp\/v2\/posts\/9377","targetHints":{"allow":["GET"]}}],"collection":[{"href":"https:\/\/www.corumbaonline.com.br\/news\/wp-json\/wp\/v2\/posts"}],"about":[{"href":"https:\/\/www.corumbaonline.com.br\/news\/wp-json\/wp\/v2\/types\/post"}],"author":[{"embeddable":true,"href":"https:\/\/www.corumbaonline.com.br\/news\/wp-json\/wp\/v2\/users\/1"}],"replies":[{"embeddable":true,"href":"https:\/\/www.corumbaonline.com.br\/news\/wp-json\/wp\/v2\/comments?post=9377"}],"version-history":[{"count":1,"href":"https:\/\/www.corumbaonline.com.br\/news\/wp-json\/wp\/v2\/posts\/9377\/revisions"}],"predecessor-version":[{"id":9379,"href":"https:\/\/www.corumbaonline.com.br\/news\/wp-json\/wp\/v2\/posts\/9377\/revisions\/9379"}],"wp:featuredmedia":[{"embeddable":true,"href":"https:\/\/www.corumbaonline.com.br\/news\/wp-json\/wp\/v2\/media\/9378"}],"wp:attachment":[{"href":"https:\/\/www.corumbaonline.com.br\/news\/wp-json\/wp\/v2\/media?parent=9377"}],"wp:term":[{"taxonomy":"category","embeddable":true,"href":"https:\/\/www.corumbaonline.com.br\/news\/wp-json\/wp\/v2\/categories?post=9377"},{"taxonomy":"post_tag","embeddable":true,"href":"https:\/\/www.corumbaonline.com.br\/news\/wp-json\/wp\/v2\/tags?post=9377"}],"curies":[{"name":"wp","href":"https:\/\/api.w.org\/{rel}","templated":true}]}}